{"id":3649,"date":"2018-04-14T14:52:28","date_gmt":"2018-04-14T12:52:28","guid":{"rendered":"https:\/\/www.esteri.it\/sala_stampa\/archivionotizie\/comunicati\/2018\/04\/amendola-gli-attacchi-chimici-sono-un-crimine-contro-l-umanita-motivata-la-risposta-militare-di-usa-uk-e-francia\/"},"modified":"2018-04-14T14:52:28","modified_gmt":"2018-04-14T12:52:28","slug":"amendola-gli-attacchi-chimici-sono-un-crimine-contro-l-umanita-motivata-la-risposta-militare-di-usa-uk-e-francia","status":"publish","type":"post","link":"https:\/\/www.esteri.it\/it\/sala_stampa\/archivionotizie\/comunicati\/2018\/04\/amendola-gli-attacchi-chimici-sono-un-crimine-contro-l-umanita-motivata-la-risposta-militare-di-usa-uk-e-francia\/","title":{"rendered":"Amendola: &#8220;Gli attacchi chimici sono un crimine contro l&#8217;umanit\u00e0. Motivata la risposta militare di USA, UK e Francia&#8221;"},"content":{"rendered":"<p>\u201cBene ha fatto il Presidente del Consiglio, Paolo Gentiloni, a sottolineare che la risposta di USA, UK e Francia all\u2019uso delle armi chimiche \u00e8 motivata. Per consentire alla diplomazia di fare il suo lavoro, \u00e8 necessario che tutti capiscano che, a cento anni dalla fine della prima guerra mondiale, l\u2019utilizzo di attacchi chimici \u00e8 contro ogni elementare principio di civilt\u00e0 ed \u00e8 un crimine contro l\u2019umanit\u00e0. \u00c8 evidente che l\u2019Italia ha sempre sostenuto il negoziato in sede ONU e il duro lavoro del inviato speciale Staffan de Mistura, in base alle innumerevoli risoluzioni delle Nazioni Unite che nel corso degli anni spesso sono state disattese. Il ruolo dell\u2019Europa, a partire dalla conferenza del 24 e 25 aprile, \u00e8 sempre stato proiettato a fermare il conflitto e costringere il regime di Assad ad accettare tutte le deliberazioni del Consiglio di Sicurezza, sin da quella del 2013 sulla distruzione e il divieto di utilizzo di armi chimiche\u201d.<\/p>\n","protected":false},"excerpt":{"rendered":"\u201cBene ha fatto il Presidente del Consiglio, Paolo Gentiloni, a sottolineare che la risposta di USA, UK e Francia all\u2019uso delle armi chimiche \u00e8 motivata. Per consentire alla diplomazia di fare il suo lavoro, \u00e8 necessario che tutti capiscano che, a cento anni dalla fine della prima guerra mondiale, l\u2019utilizzo di attacchi chimici \u00e8 contro [&hellip;]","protected":false},"author":1,"featured_media":0,"comment_status":"","ping_status":"","sticky":false,"template":"","format":"standard","meta":{"footnotes":""},"categories":[1],"tags":[6,399],"class_list":["post-3649","post","type-post","status-publish","format-standard","hentry","category-comunicati","tag-mediterraneo-e-medio-oriente","tag-vice-ministri-e-sottosegretari-precedenti"],"_links":{"self":[{"href":"https:\/\/www.esteri.it\/it\/wp-json\/wp\/v2\/posts\/3649","targetHints":{"allow":["GET"]}}],"collection":[{"href":"https:\/\/www.esteri.it\/it\/wp-json\/wp\/v2\/posts"}],"about":[{"href":"https:\/\/www.esteri.it\/it\/wp-json\/wp\/v2\/types\/post"}],"author":[{"embeddable":true,"href":"https:\/\/www.esteri.it\/it\/wp-json\/wp\/v2\/users\/1"}],"replies":[{"embeddable":true,"href":"https:\/\/www.esteri.it\/it\/wp-json\/wp\/v2\/comments?post=3649"}],"version-history":[{"count":0,"href":"https:\/\/www.esteri.it\/it\/wp-json\/wp\/v2\/posts\/3649\/revisions"}],"wp:attachment":[{"href":"https:\/\/www.esteri.it\/it\/wp-json\/wp\/v2\/media?parent=3649"}],"wp:term":[{"taxonomy":"category","embeddable":true,"href":"https:\/\/www.esteri.it\/it\/wp-json\/wp\/v2\/categories?post=3649"},{"taxonomy":"post_tag","embeddable":true,"href":"https:\/\/www.esteri.it\/it\/wp-json\/wp\/v2\/tags?post=3649"}],"curies":[{"name":"wp","href":"https:\/\/api.w.org\/{rel}","templated":true}]}}