{"id":4006,"date":"2017-09-21T16:06:34","date_gmt":"2017-09-21T14:06:34","guid":{"rendered":"https:\/\/www.esteri.it\/sala_stampa\/archivionotizie\/comunicati\/2017\/09\/new-york-amendola-interviene-alla\/"},"modified":"2017-09-21T16:06:34","modified_gmt":"2017-09-21T14:06:34","slug":"new-york-amendola-interviene-alla","status":"publish","type":"post","link":"https:\/\/www.esteri.it\/it\/sala_stampa\/archivionotizie\/comunicati\/2017\/09\/new-york-amendola-interviene-alla\/","title":{"rendered":"New York. Amendola interviene alla rete dei ministri a favore della Corte Penale Internazionale"},"content":{"rendered":"<p>\u201cLo sviluppo del diritto penale internazionale \u00e8 tra le principali conquiste della comunit\u00e0 mondiale. Ma sarebbe rimasto incompleto senza l\u2019istituzione della Corte Penale Internazionale, testimonianza istituzionale dell\u2019impegno collettivo a difesa della dignit\u00e0 umana\u201d. Questo l\u2019incipit dell\u2019intervento del sottosegretario agli Affari Esteri, Vincenzo Amendola, alla riunione della rete informale dei ministri a favore della Corte Penale Internazionale.<\/p>\n<p>\u201cLa responsabilit\u00e0 dell\u2019azione penale nei confronti di chi commette crimini contro l\u2019umanit\u00e0 ricade sull\u2019intera comunit\u00e0 internazionale, e oggi pi\u00f9 che mai \u00e8 necessario l\u2019impegno di tutti per consentire alla Corte di svolgere con efficacia il suo mandato. Ogni affievolimento della nostra determinazione a sostenere la Corte pu\u00f2 infatti aprire la strada a tremende atrocit\u00e0 su vasta scala: e noi non possiamo correre questo rischio\u201d.<\/p>\n<p>\u201cLa condanna di Al Faqi Al Mahdi, responsabile della distruzione di siti storici ed archeologici a Timbuctu, \u00e8 una pietra miliare nella giurisprudenza della Corte Penale Internazionale: essa opportunamente ne amplia l\u2019attivit\u00e0 anche alla difesa del patrimonio culturale mondiale\u201d, ha aggiunto Amendola.<\/p>\n<p>\u201cL\u2019applicazione del diritto \u00e8 il principale antidoto alla tirannia e la pi\u00f9 efficace garanzia delle nostre libert\u00e0 e dei diritti umani. Per sconfiggere l\u2019impunit\u00e0 dei crimini internazionali c\u2019\u00e8 bisogno del concorso degli Stati, ma anche della determinazione di ogni cittadino. Solo con questo spirito si potr\u00e0 finalmente dire \u201cmai pi\u00f9\u201d a violazioni dei diritti umani su larga scala. E l\u2019Italia, orgogliosa di aver ospitato la conferenza che ha istituito la Corte Penale Internazionale, continuer\u00e0 ad assumersi le proprie responsabilit\u00e0\u201d, ha concluso il sottosegretario.<\/p>\n","protected":false},"excerpt":{"rendered":"\u201cLo sviluppo del diritto penale internazionale \u00e8 tra le principali conquiste della comunit\u00e0 mondiale. Ma sarebbe rimasto incompleto senza l\u2019istituzione della Corte Penale Internazionale, testimonianza istituzionale dell\u2019impegno collettivo a difesa della dignit\u00e0 umana\u201d. Questo l\u2019incipit dell\u2019intervento del sottosegretario agli Affari Esteri, Vincenzo Amendola, alla riunione della rete informale dei ministri a favore della Corte Penale [&hellip;]","protected":false},"author":1,"featured_media":0,"comment_status":"","ping_status":"","sticky":false,"template":"","format":"standard","meta":{"footnotes":""},"categories":[1],"tags":[43,26,399],"class_list":["post-4006","post","type-post","status-publish","format-standard","hentry","category-comunicati","tag-diritti-umani","tag-onu","tag-vice-ministri-e-sottosegretari-precedenti"],"_links":{"self":[{"href":"https:\/\/www.esteri.it\/it\/wp-json\/wp\/v2\/posts\/4006","targetHints":{"allow":["GET"]}}],"collection":[{"href":"https:\/\/www.esteri.it\/it\/wp-json\/wp\/v2\/posts"}],"about":[{"href":"https:\/\/www.esteri.it\/it\/wp-json\/wp\/v2\/types\/post"}],"author":[{"embeddable":true,"href":"https:\/\/www.esteri.it\/it\/wp-json\/wp\/v2\/users\/1"}],"replies":[{"embeddable":true,"href":"https:\/\/www.esteri.it\/it\/wp-json\/wp\/v2\/comments?post=4006"}],"version-history":[{"count":0,"href":"https:\/\/www.esteri.it\/it\/wp-json\/wp\/v2\/posts\/4006\/revisions"}],"wp:attachment":[{"href":"https:\/\/www.esteri.it\/it\/wp-json\/wp\/v2\/media?parent=4006"}],"wp:term":[{"taxonomy":"category","embeddable":true,"href":"https:\/\/www.esteri.it\/it\/wp-json\/wp\/v2\/categories?post=4006"},{"taxonomy":"post_tag","embeddable":true,"href":"https:\/\/www.esteri.it\/it\/wp-json\/wp\/v2\/tags?post=4006"}],"curies":[{"name":"wp","href":"https:\/\/api.w.org\/{rel}","templated":true}]}}