{"id":4110,"date":"2017-08-08T13:47:44","date_gmt":"2017-08-08T11:47:44","guid":{"rendered":"https:\/\/www.esteri.it\/sala_stampa\/archivionotizie\/comunicati\/2017\/08\/il-sottosegretario-amendola-alle\/"},"modified":"2017-08-08T13:47:44","modified_gmt":"2017-08-08T11:47:44","slug":"il-sottosegretario-amendola-alle","status":"publish","type":"post","link":"https:\/\/www.esteri.it\/it\/sala_stampa\/archivionotizie\/comunicati\/2017\/08\/il-sottosegretario-amendola-alle\/","title":{"rendered":"Il Sottosegretario Amendola alle commemorazioni della tragedia di Marcinelle, in Belgio"},"content":{"rendered":"<p>Il Sottosegretario agli Affari Esteri, Vincenzo Amendola, ha partecipato alle commemorazioni della tragedia di Marcinelle, in Belgio. Cade oggi, infatti, il 61esimo anniversario della strage avvenuta l\u20198 agosto del 1956, quando un incendio che colp\u00ec la miniera di Bois du Cazier caus\u00f2 la morte di 262 minatori di dodici diverse nazionalit\u00e0, di cui 136 italiani. Solo 12 furono i sopravvissuti. Nel 2001 l\u20198 agosto \u00e8 stato dichiarato \u201cGiornata nazionale del sacrificio del lavoro italiano nel mondo\u201d. Inoltre, alla memoria dei minatori italiani deceduti a Marcinelle \u00e8 stata conferita nel 2005 la Medaglia d\u2019Oro al Merito Civile.<\/p>\n<p>Alla cerimonia, oltre all\u2019esponente del Governo italiano accompagnato da Luigi Maria Vignali, Direttore Generale della Farnesina per gli italiani all\u2019estero, erano presenti anche Marie-Christine Marghem, Ministro federale belga dell\u2019Energia, dell\u2019Ambiente e dello Sviluppo Sostenibile; Willy Borsus, Ministro-Presidente della Regione Vallonia; una delegazione dell\u2019Associazione delle famiglie delle vittime di Manoppello (Regione Abruzzo); e l\u2019associazione \u201cMarcinelle per non dimenticare\u201d.<\/p>\n<p>La giornata \u00e8 iniziata a Bois du Cazier con il rintocco della campana in ricordo delle vittime. A seguire ci sono stati i discorsi ufficiali delle Autorit\u00e0 belga e italiana. Dopo ci si \u00e8 spostati verso l\u2019ingresso principale del sito minerario per la deposizione di una corona di fiori da parte dell\u2019Ambasciatrice Basile a nome del Presidente della Repubblica Italiana, e la deposizione di altre corone di fiori da parte delle associazioni dei lavoratori e delle diverse autorit\u00e0 presenti.<\/p>\n<p>In seguito la cerimonia \u00e8 proseguita al Cimitero di Marcinelle, dove il Sottosegretario Amendola ha depositato una corona di fiori al Monumento \u201cSacrificio dei Minatori Italiani\u201d.<\/p>\n<p>La giornata si \u00e8 conclusa a Bois du Cazier, con il saluto dell\u2019Ambasciatrice Elena Basile, la lettura del messaggio del Signor Presidente della Repubblica, e un intervento del Sottosegretario Amendola.<\/p>\n<p>\u201cLa memoria di questo tragico evento, che nel nostro Paese celebriamo come Giornata del Sacrificio del lavoro italiano nel mondo, deve servire da guida per noi e per i nostri figli\u201d ha detto Amendola.\u00a0 \u201cLe nostre comunit\u00e0 all\u2019estero non sono solo viste come destinatarie di servizi, ma anche e soprattutto come una componente essenziale della politica estera dell\u2019Italia\u201d ha poi aggiunto Amendola, rivolgendosi ai nostri connazionali residenti in Belgio, una comunit\u00e0 composta da circa 280 mila persone.<\/p>\n<p>\u201cNel vostro sforzo per affermarvi e stabilirvi all\u2019estero, in questo cammino di crescita e miglioramento delle condizioni di vita, il Ministero degli Affari Esteri \u00e8 fortemente impegnato per rispondere sempre di pi\u00f9 e sempre meglio alle vostre esigenze, per aumentare gli strumenti a disposizione delle comunit\u00e0 italiane all\u2019estero \u2013 ha spiegato . \u201cRivolgo \u00a0a voi tutti con orgoglio, cari connazionali, i miei pi\u00f9 sinceri ringraziamenti per essere qui e per invitarvi a continuare ad essere orgogliosi della vostra storia e di quello che avete fatto, perch\u00e9 l\u2019Italia lo \u00e8 di voi\u201d ha concluso Amendola.<\/p>\n","protected":false},"excerpt":{"rendered":"Il Sottosegretario agli Affari Esteri, Vincenzo Amendola, ha partecipato alle commemorazioni della tragedia di Marcinelle, in Belgio. Cade oggi, infatti, il 61esimo anniversario della strage avvenuta l\u20198 agosto del 1956, quando un incendio che colp\u00ec la miniera di Bois du Cazier caus\u00f2 la morte di 262 minatori di dodici diverse nazionalit\u00e0, di cui 136 italiani. [&hellip;]","protected":false},"author":1,"featured_media":0,"comment_status":"","ping_status":"","sticky":false,"template":"","format":"standard","meta":{"footnotes":""},"categories":[1],"tags":[7,399],"class_list":["post-4110","post","type-post","status-publish","format-standard","hentry","category-comunicati","tag-italiani-nel-mondo","tag-vice-ministri-e-sottosegretari-precedenti"],"_links":{"self":[{"href":"https:\/\/www.esteri.it\/it\/wp-json\/wp\/v2\/posts\/4110","targetHints":{"allow":["GET"]}}],"collection":[{"href":"https:\/\/www.esteri.it\/it\/wp-json\/wp\/v2\/posts"}],"about":[{"href":"https:\/\/www.esteri.it\/it\/wp-json\/wp\/v2\/types\/post"}],"author":[{"embeddable":true,"href":"https:\/\/www.esteri.it\/it\/wp-json\/wp\/v2\/users\/1"}],"replies":[{"embeddable":true,"href":"https:\/\/www.esteri.it\/it\/wp-json\/wp\/v2\/comments?post=4110"}],"version-history":[{"count":0,"href":"https:\/\/www.esteri.it\/it\/wp-json\/wp\/v2\/posts\/4110\/revisions"}],"wp:attachment":[{"href":"https:\/\/www.esteri.it\/it\/wp-json\/wp\/v2\/media?parent=4110"}],"wp:term":[{"taxonomy":"category","embeddable":true,"href":"https:\/\/www.esteri.it\/it\/wp-json\/wp\/v2\/categories?post=4110"},{"taxonomy":"post_tag","embeddable":true,"href":"https:\/\/www.esteri.it\/it\/wp-json\/wp\/v2\/tags?post=4110"}],"curies":[{"name":"wp","href":"https:\/\/api.w.org\/{rel}","templated":true}]}}