{"id":4112,"date":"2017-08-08T09:51:09","date_gmt":"2017-08-08T07:51:09","guid":{"rendered":"https:\/\/www.esteri.it\/sala_stampa\/archivionotizie\/comunicati\/2017\/08\/etiopia-approvate-due-iniziative\/"},"modified":"2017-08-08T09:51:09","modified_gmt":"2017-08-08T07:51:09","slug":"etiopia-approvate-due-iniziative","status":"publish","type":"post","link":"https:\/\/www.esteri.it\/it\/sala_stampa\/archivionotizie\/comunicati\/2017\/08\/etiopia-approvate-due-iniziative\/","title":{"rendered":"Etiopia. Approvate due iniziative umanitarie di emergenza"},"content":{"rendered":"<p>Alfano: \u201cNel Corno d\u2019Africa problemi politici, sociali e ambientali provocano intensi flussi migratori. In Etiopia le condizioni di vita sono assai difficili e a causa del fenomeno climatico El Ni\u00f1o il Paese sta affrontando uno dei pi\u00f9 seri shock climatici della propria storia. Secondo l&#8217;OMS, si tratta della crisi umanitaria pi\u00f9 grave degli ultimi 30 anni\u201d.<\/p>\n<p>\u201cPer far fronte a questa emergenza la Cooperazione italiana ha approvato due iniziative umanitarie per un ammontare di 4 milioni di euro. Si tratta di due interventi specifici, del valore di 2 milioni ciascuno, volti rispettivamente a migliorare le condizioni di vita della popolazione a rischio migrazione irregolare &#8211; attraverso la creazione di impiego ed il potenziamento qualitativo e quantitativo dei servizi di base &#8211; e a rispondere all\u2019emergenza siccit\u00e0 creata dal El Ni\u00f1o garantendo sicurezza alimentare, accesso all\u2019acqua e miglioramento della gestione delle risorse naturali\u201d.<\/p>\n<p>\u201cAncora una volta la cooperazione allo sviluppo si dimostra strumento di investimento strategico e pertanto cardine della nostra politica estera\u201d, ha concluso il ministro degli Affari Esteri e della Cooperazione Internazionale.<\/p>\n","protected":false},"excerpt":{"rendered":"Alfano: \u201cNel Corno d\u2019Africa problemi politici, sociali e ambientali provocano intensi flussi migratori. In Etiopia le condizioni di vita sono assai difficili e a causa del fenomeno climatico El Ni\u00f1o il Paese sta affrontando uno dei pi\u00f9 seri shock climatici della propria storia. Secondo l&#8217;OMS, si tratta della crisi umanitaria pi\u00f9 grave degli ultimi 30 [&hellip;]","protected":false},"author":1,"featured_media":0,"comment_status":"","ping_status":"","sticky":false,"template":"","format":"standard","meta":{"footnotes":""},"categories":[1],"tags":[31,29,76],"class_list":["post-4112","post","type-post","status-publish","format-standard","hentry","category-comunicati","tag-africa","tag-cooperazione-sviluppo","tag-ministri-precedenti"],"_links":{"self":[{"href":"https:\/\/www.esteri.it\/it\/wp-json\/wp\/v2\/posts\/4112","targetHints":{"allow":["GET"]}}],"collection":[{"href":"https:\/\/www.esteri.it\/it\/wp-json\/wp\/v2\/posts"}],"about":[{"href":"https:\/\/www.esteri.it\/it\/wp-json\/wp\/v2\/types\/post"}],"author":[{"embeddable":true,"href":"https:\/\/www.esteri.it\/it\/wp-json\/wp\/v2\/users\/1"}],"replies":[{"embeddable":true,"href":"https:\/\/www.esteri.it\/it\/wp-json\/wp\/v2\/comments?post=4112"}],"version-history":[{"count":0,"href":"https:\/\/www.esteri.it\/it\/wp-json\/wp\/v2\/posts\/4112\/revisions"}],"wp:attachment":[{"href":"https:\/\/www.esteri.it\/it\/wp-json\/wp\/v2\/media?parent=4112"}],"wp:term":[{"taxonomy":"category","embeddable":true,"href":"https:\/\/www.esteri.it\/it\/wp-json\/wp\/v2\/categories?post=4112"},{"taxonomy":"post_tag","embeddable":true,"href":"https:\/\/www.esteri.it\/it\/wp-json\/wp\/v2\/tags?post=4112"}],"curies":[{"name":"wp","href":"https:\/\/api.w.org\/{rel}","templated":true}]}}