{"id":4235,"date":"2017-06-28T12:45:35","date_gmt":"2017-06-28T10:45:35","guid":{"rendered":"https:\/\/www.esteri.it\/sala_stampa\/archivionotizie\/comunicati\/2017\/06\/alfano-all-aics-incontro-con-il\/"},"modified":"2017-06-28T12:45:35","modified_gmt":"2017-06-28T10:45:35","slug":"alfano-all-aics-incontro-con-il","status":"publish","type":"post","link":"https:\/\/www.esteri.it\/it\/sala_stampa\/archivionotizie\/comunicati\/2017\/06\/alfano-all-aics-incontro-con-il\/","title":{"rendered":"Alfano all\u2019AICS: incontro con il direttore Frigenti"},"content":{"rendered":"<p>&#8220;La Cooperazione italiana non \u00e8 pi\u00f9 la \u201csommatoria\u201d di singoli soggetti di cooperazione. Oggi siamo un \u201cSistema Italiano di cooperazione\u201d e dobbiamo affrontare i grandi temi e le grandi sfide connesse allo sviluppo come una squadra molto unita\u201d. Cos\u00ec il ministro degli Affari Esteri e della Cooperazione Internazionale, Angelino Alfano, questa mattina, all\u2019Agenzia Italiana per la Cooperazione allo Sviluppo, per un incontro con il direttore Laura Frigenti.<\/p>\n<p>\u201cIl &#8220;Sistema di Cooperazione\u201d \u2013 ha aggiunto il ministro &#8211; \u00e8 la componente pi\u00f9 nobile della politica estera, quella pi\u00f9 autenticamente animata dall\u2019apertura e dalla volont\u00e0 di capire l\u2019altro e di ricercare insieme le risposte globali pi\u00f9 significative\u201d.<\/p>\n<p>\u201cDobbiamo lavorare insieme per garantire il percorso migliore nell\u2019attuazione della Riforma, la Cooperazione infatti non \u00e8 una scienza esatta, dove ogni problema si affronta sulla base di ipotesi definite, ma \u00e8 fondata sulle partnership e sui rapporti umani e quindi c\u2019\u00e8 sempre spazio per perfezionarla\u201d, ha sottolineato Alfano.<\/p>\n<p>\u201cOggi in questa sede \u2013 ha concluso il titolare della Farnesina &#8211; ribadisco la mia fiducia nei confronti del direttore Frigenti e la mia vicinanza e il mio incoraggiamento al suo forte impegno per assicurare la crescita delle capacit\u00e0 operative dell\u2019Agenzia.\u00a0L\u2019AICS, pur in una fase di lancio delle attivit\u00e0 e con un organico ancora incompleto, \u00e8\u00a0 riuscita nel suo primo anno a garantire la prosecuzione dei progetti di cooperazione e l\u2019avvio di nuove iniziative in coerenza con gli indirizzi prioritari stabiliti dal Ministero degli Affari Esteri e della Cooperazione Internazionale. Auspico che il prospettato ingresso per concorso di 60 nuovi funzionari possa mettere l\u2019Agenzia nelle condizioni migliori per continuare con successo gli importanti compiti che la legge 125 le attribuisce\u201d.<\/p>\n","protected":false},"excerpt":{"rendered":"&#8220;La Cooperazione italiana non \u00e8 pi\u00f9 la \u201csommatoria\u201d di singoli soggetti di cooperazione. Oggi siamo un \u201cSistema Italiano di cooperazione\u201d e dobbiamo affrontare i grandi temi e le grandi sfide connesse allo sviluppo come una squadra molto unita\u201d. Cos\u00ec il ministro degli Affari Esteri e della Cooperazione Internazionale, Angelino Alfano, questa mattina, all\u2019Agenzia Italiana per [&hellip;]","protected":false},"author":1,"featured_media":0,"comment_status":"","ping_status":"","sticky":false,"template":"","format":"standard","meta":{"footnotes":""},"categories":[1],"tags":[29,76],"class_list":["post-4235","post","type-post","status-publish","format-standard","hentry","category-comunicati","tag-cooperazione-sviluppo","tag-ministri-precedenti"],"_links":{"self":[{"href":"https:\/\/www.esteri.it\/it\/wp-json\/wp\/v2\/posts\/4235","targetHints":{"allow":["GET"]}}],"collection":[{"href":"https:\/\/www.esteri.it\/it\/wp-json\/wp\/v2\/posts"}],"about":[{"href":"https:\/\/www.esteri.it\/it\/wp-json\/wp\/v2\/types\/post"}],"author":[{"embeddable":true,"href":"https:\/\/www.esteri.it\/it\/wp-json\/wp\/v2\/users\/1"}],"replies":[{"embeddable":true,"href":"https:\/\/www.esteri.it\/it\/wp-json\/wp\/v2\/comments?post=4235"}],"version-history":[{"count":0,"href":"https:\/\/www.esteri.it\/it\/wp-json\/wp\/v2\/posts\/4235\/revisions"}],"wp:attachment":[{"href":"https:\/\/www.esteri.it\/it\/wp-json\/wp\/v2\/media?parent=4235"}],"wp:term":[{"taxonomy":"category","embeddable":true,"href":"https:\/\/www.esteri.it\/it\/wp-json\/wp\/v2\/categories?post=4235"},{"taxonomy":"post_tag","embeddable":true,"href":"https:\/\/www.esteri.it\/it\/wp-json\/wp\/v2\/tags?post=4235"}],"curies":[{"name":"wp","href":"https:\/\/api.w.org\/{rel}","templated":true}]}}