{"id":4249,"date":"2017-06-26T18:32:09","date_gmt":"2017-06-26T16:32:09","guid":{"rendered":"https:\/\/www.esteri.it\/sala_stampa\/archivionotizie\/comunicati\/2017\/06\/il-sottosegretario-amendola-in_5\/"},"modified":"2017-06-26T18:32:09","modified_gmt":"2017-06-26T16:32:09","slug":"il-sottosegretario-amendola-in_5","status":"publish","type":"post","link":"https:\/\/www.esteri.it\/it\/sala_stampa\/archivionotizie\/comunicati\/2017\/06\/il-sottosegretario-amendola-in_5\/","title":{"rendered":"Il Sottosegretario Amendola in visita a Trieste"},"content":{"rendered":"<p>Missione a Trieste per il Sottosegretario agli Affari Esteri, Vincenzo Amendola, che oggi ha partecipato al Senior Officials Meeting, riunione dei pi\u00f9 stretti collaboratori dei Capi di Stato o di Governo che prenderanno parte al Vertice del Processo dei Balcani Occidentali, che Trieste ospiter\u00e0 il 12 luglio.<\/p>\n<p>Nel suo messaggio ai rappresentanti dei Paesi parte del Processo, il Sottosegretario ha sottolineato il significato della scelta di Trieste, citt\u00e0 simbolo e porta di accesso all\u2019Europa per tutta l\u2019area. Inoltre, ha ricordato che l\u2019Italia sostiene da sempre la prospettiva europea della Regione ed \u00e8 convinta sostenitrice della necessit\u00e0 di riunificare l\u2019Europa con l\u2019ingresso nell\u2019UE dei Balcani occidentali, una scelta strategica, di coraggio e di lungimiranza politica, indispensabile per garantire pace e sicurezza al continente.<\/p>\n<p>Il Vertice di Trieste rappresenter\u00e0 un\u2019importante occasione per favorire un clima di confidenza e fiducia reciproca e per mettere ancora una volta al centro dell\u2019attenzione dei Balcani Occidentali la finalit\u00e0 comune di aderire all\u2019Unione Europea, obiettivo che li incoraggia a lavorare assieme e perseguire la cooperazione regionale. Con l\u2019appuntamento di Trieste, l\u2019Italia, per parte sua, dar\u00e0 un ulteriore contributo alla cooperazione regionale, che sostiene anche attraverso il suo ruolo di capofila in iniziative regionali, come la Iniziativa Centro Europea e l\u2019Iniziativa Adriatico-Ionica.<\/p>\n<p>Con il Senior Officials Meeting del 26 giugno, quindi, entra nel vivo l\u2019organizzazione del Vertice del Processo dei Balcani Occidentali. Il Capoluogo giuliano diventer\u00e0, infatti, quel giorno una capitale internazionale della diplomazia ed dar\u00e0 il benvenuto ai Capi di Stato o di Governo dei Paesi parte del Processo e dei Balcani Occidentali. Vi prenderanno parte inoltre i vertici delle istituzioni europee, guidate dall\u2019Alto Rappresentante e Vice Presidente della Commissione, Federica Mogherini, assieme ai Commissari per l\u2019Allargamento, per i Trasporti e per l\u2019Educazione.<\/p>\n<p>Il Vertice di Trieste permetter\u00e0, quindi, di continuare il dialogo politico al massimo livello e registrer\u00e0 anche concrete azioni per i Balcani Occidentali. A Trieste verr\u00e0 annunciato un nuovo pacchetto di progetti infrastrutturali nei settori dei trasporti e dell\u2019energia che contribuiranno allo sviluppo della connettivit\u00e0 regionale.<\/p>\n<p>L\u2019esponente del Governo ha colto l\u2019occasione della sua visita a Trieste per colloqui con il Presidente della Regione, Debora Serracchiani, con il Sindaco, Roberto Dipiazza, e con il Prefetto, Anna Laura Porzio. Ai suoi interlocutori ha espresso gratitudine per il sostegno pieno e fattivo fornito all\u2019organizzazione del Vertice ed il plauso pi\u00f9 sincero per l\u2019ottimo funzionamento della macchina organizzativa istituzionale del Capoluogo giuliano.<\/p>\n","protected":false},"excerpt":{"rendered":"Missione a Trieste per il Sottosegretario agli Affari Esteri, Vincenzo Amendola, che oggi ha partecipato al Senior Officials Meeting, riunione dei pi\u00f9 stretti collaboratori dei Capi di Stato o di Governo che prenderanno parte al Vertice del Processo dei Balcani Occidentali, che Trieste ospiter\u00e0 il 12 luglio. Nel suo messaggio ai rappresentanti dei Paesi parte [&hellip;]","protected":false},"author":1,"featured_media":0,"comment_status":"","ping_status":"","sticky":false,"template":"","format":"standard","meta":{"footnotes":""},"categories":[1],"tags":[9,42,399],"class_list":["post-4249","post","type-post","status-publish","format-standard","hentry","category-comunicati","tag-europa","tag-unione-europea","tag-vice-ministri-e-sottosegretari-precedenti"],"_links":{"self":[{"href":"https:\/\/www.esteri.it\/it\/wp-json\/wp\/v2\/posts\/4249","targetHints":{"allow":["GET"]}}],"collection":[{"href":"https:\/\/www.esteri.it\/it\/wp-json\/wp\/v2\/posts"}],"about":[{"href":"https:\/\/www.esteri.it\/it\/wp-json\/wp\/v2\/types\/post"}],"author":[{"embeddable":true,"href":"https:\/\/www.esteri.it\/it\/wp-json\/wp\/v2\/users\/1"}],"replies":[{"embeddable":true,"href":"https:\/\/www.esteri.it\/it\/wp-json\/wp\/v2\/comments?post=4249"}],"version-history":[{"count":0,"href":"https:\/\/www.esteri.it\/it\/wp-json\/wp\/v2\/posts\/4249\/revisions"}],"wp:attachment":[{"href":"https:\/\/www.esteri.it\/it\/wp-json\/wp\/v2\/media?parent=4249"}],"wp:term":[{"taxonomy":"category","embeddable":true,"href":"https:\/\/www.esteri.it\/it\/wp-json\/wp\/v2\/categories?post=4249"},{"taxonomy":"post_tag","embeddable":true,"href":"https:\/\/www.esteri.it\/it\/wp-json\/wp\/v2\/tags?post=4249"}],"curies":[{"name":"wp","href":"https:\/\/api.w.org\/{rel}","templated":true}]}}