{"id":4261,"date":"2017-06-22T19:09:47","date_gmt":"2017-06-22T17:09:47","guid":{"rendered":"https:\/\/www.esteri.it\/sala_stampa\/archivionotizie\/comunicati\/2017\/06\/il-sottosegretario-amendola-in_4\/"},"modified":"2017-06-22T19:09:47","modified_gmt":"2017-06-22T17:09:47","slug":"il-sottosegretario-amendola-in_4","status":"publish","type":"post","link":"https:\/\/www.esteri.it\/it\/sala_stampa\/archivionotizie\/comunicati\/2017\/06\/il-sottosegretario-amendola-in_4\/","title":{"rendered":"Il Sottosegretario Amendola in missione a Minsk in vista del vertice di Trieste"},"content":{"rendered":"<p>In vista del Vertice del Processo dei Balcani Occidentali che Italia ospiter\u00e0 a Trieste, il Sottosegretario agli Affari Esteri, Vincenzo Amendola, ha oggi partecipato a Minsk alla riunione ministeriale dell\u2019InCE (Iniziativa Centro Europea), il forum intergovernativo di cooperazione regionale, presieduto quest\u2019anno dalla Bielorussia. L\u2019Italia \u00e8 tra i Paesi fondatori dell&#8217;InCe, il primo contributore e ne ospita la sede del Segretariato.\u00a0<\/p>\n<p>Temi al centro dell\u2019agenda sono stati: l&#8217;attuale congiuntura internazionale, la crisi migratoria e le minacce alla sicurezza. Si \u00e8 inoltre discusso del Processo di Berlino di cui l&#8217;Italia &#8211; in qualit\u00e0 di Paese che ne detiene quest&#8217;anno la Presidenza &#8211; ospiter\u00e0 il Vertice il prossimo 12 luglio a Trieste. Nel corso della riunione \u00e8 stata inoltre valorizzata l\u2019importanza del Fondo InCE presso la BERS, completamente finanziato dal Governo italiano; \u00e8 stato esaminato il Piano d\u2019Azione InCE 2018-2020 ed \u00e8 stato consensualmente convenuto che la Presidenza InCE per il 2018 sia esercitata dalla Croazia.\u00a0<\/p>\n<p>L&#8217; Assemblea ha infine raccomandato che le linee guida della riforma InCE siano approvate alla prossima riunione dei Capi di governo dei Paesi membri dell&#8217;InCE.<\/p>\n<p>Il Sottosegretario Amendola, nel suo intervento, ha sottolineato l\u2019importanza del ruolo svolto dall\u2019InCE anche per favorire l\u2019avvicinamento all\u2019Unione Europea dei Paesi che ancora non ne sono parte. L\u2019esponente del Governo italiano ha, quindi, ricordato la rilevanza della cooperazione regionale, fondamentale anche per rispondere congiuntamente alle maggiori sfide internazionali con cui ci dobbiamo oggi confrontare. L&#8217;Italia, ha continuato Amendola, \u00e8 impegnata ad intensificare gli sforzi per un\u2019effettiva attuazione dei progetti previsti nei settori energetico e dei trasporti, facendo ricorso agli strumenti forniti dall\u2019InCE e dalle altre organizzazioni regionali votate a tale scopo. Lo sviluppo economico si basa anche sulla centralit\u00e0 delle infrastrutture: collegare i mercati della regione con il resto dell\u2019Europa porter\u00e0, in quest\u2019ottica, a una maggiore integrazione e a una crescita pi\u00f9 sostenuta, fornendo anche nuove opportunit\u00e0 di investimento per le piccole e medie imprese.\u00a0<\/p>\n<p>Temi, ha ribadito il Sottosegretario, che saranno affrontati al prossimo Vertice di Trieste, dove auspichiamo di ottenere risultati concreti lavorando ad un futuro europeo per la Regione dei Balcani Occidentali. Siamo convinti, ha spiegato Amendola, che la riunificazione dell&#8217;Europa sia una scelta strategica. Domani Amendola, che proseguir\u00e0 la missione a Minsk, avr\u00e0 degli incontri bilaterali con esponenti delle Istituzioni bielorusse.<\/p>\n<p>\u00a0<\/p>\n","protected":false},"excerpt":{"rendered":"In vista del Vertice del Processo dei Balcani Occidentali che Italia ospiter\u00e0 a Trieste, il Sottosegretario agli Affari Esteri, Vincenzo Amendola, ha oggi partecipato a Minsk alla riunione ministeriale dell\u2019InCE (Iniziativa Centro Europea), il forum intergovernativo di cooperazione regionale, presieduto quest\u2019anno dalla Bielorussia. L\u2019Italia \u00e8 tra i Paesi fondatori dell&#8217;InCe, il primo contributore e ne [&hellip;]","protected":false},"author":1,"featured_media":0,"comment_status":"","ping_status":"","sticky":false,"template":"","format":"standard","meta":{"footnotes":""},"categories":[1],"tags":[9,399],"class_list":["post-4261","post","type-post","status-publish","format-standard","hentry","category-comunicati","tag-europa","tag-vice-ministri-e-sottosegretari-precedenti"],"_links":{"self":[{"href":"https:\/\/www.esteri.it\/it\/wp-json\/wp\/v2\/posts\/4261","targetHints":{"allow":["GET"]}}],"collection":[{"href":"https:\/\/www.esteri.it\/it\/wp-json\/wp\/v2\/posts"}],"about":[{"href":"https:\/\/www.esteri.it\/it\/wp-json\/wp\/v2\/types\/post"}],"author":[{"embeddable":true,"href":"https:\/\/www.esteri.it\/it\/wp-json\/wp\/v2\/users\/1"}],"replies":[{"embeddable":true,"href":"https:\/\/www.esteri.it\/it\/wp-json\/wp\/v2\/comments?post=4261"}],"version-history":[{"count":0,"href":"https:\/\/www.esteri.it\/it\/wp-json\/wp\/v2\/posts\/4261\/revisions"}],"wp:attachment":[{"href":"https:\/\/www.esteri.it\/it\/wp-json\/wp\/v2\/media?parent=4261"}],"wp:term":[{"taxonomy":"category","embeddable":true,"href":"https:\/\/www.esteri.it\/it\/wp-json\/wp\/v2\/categories?post=4261"},{"taxonomy":"post_tag","embeddable":true,"href":"https:\/\/www.esteri.it\/it\/wp-json\/wp\/v2\/tags?post=4261"}],"curies":[{"name":"wp","href":"https:\/\/api.w.org\/{rel}","templated":true}]}}