{"id":4279,"date":"2017-06-13T09:43:42","date_gmt":"2017-06-13T07:43:42","guid":{"rendered":"https:\/\/www.esteri.it\/sala_stampa\/archivionotizie\/comunicati\/2017\/06\/missione-a-new-york-per-il-sottosegretario\/"},"modified":"2017-06-13T09:43:42","modified_gmt":"2017-06-13T07:43:42","slug":"missione-a-new-york-per-il-sottosegretario","status":"publish","type":"post","link":"https:\/\/www.esteri.it\/it\/sala_stampa\/archivionotizie\/comunicati\/2017\/06\/missione-a-new-york-per-il-sottosegretario\/","title":{"rendered":"Missione a New York per il Sottosegretario agli Affari Esteri Vincenzo Amendola. L\u2019esponente del Governo italiano oggi e domani parteciper\u00e0 a diversi incontri al Consiglio di Sicurezza delle Nazioni Unite, organismo del quale il nostro Paese quest\u2019anno \u00e8 membro non permanente"},"content":{"rendered":"<p>Amendola oggi ha preso parte al briefing pubblico del Consiglio di Sicurezza Onu sulla Repubblica Centrafricana e la missione MINUSCA, autorizzata dalle Nazioni Unite nel 2014 per la costruzione della pace nel Paese, la protezione dei civili, il sostegno al processo di transizione, la promozione e tutela dei diritti umani, il sostegno alla giustizia, allo stato di diritto e il disarmo.<\/p>\n<p>Il Sottosegretario, nel suo intervento, ha ricordato il grande lavoro di MINUSCA e ha portato le condoglianze dell\u2019Italia per l\u2019uccisione di sei peacekeepers. Amendola ha, inoltre, sottolineato che l\u2019Italia \u00e8 seriamente preoccupata per il deterioramento della situazione di sicurezza nel Paese. Il Sottosegretario ha ringraziato chi in queste settimane si sta sforzando per aiutare la popolazione, come la Comunit\u00e0 di Sant&#8217;Egidio. Quest\u2019ultima era rappresentata alla riunione dal suo Presidente, Prof. Marco Impagliazzo, il quale ha dato un\u2019informativa sui contatti sui contatti in corso con i gruppi armati della Repubblica Centrafricana. Nell\u2019apprezzare gli sforzi del Governo dell&#8217;Africa centrale per assicurare una pace stabile nel Paese, Amendola, infine, ha invitato le autorit\u00e0 del Centrafrica, da un lato, e tutti i gruppi armati, dall&#8217;altro, ad intensificare i loro sforzi per arrivare ad una pacificazione, soprattutto attraverso il dialogo inclusivo e senza alcuna preclusione.<\/p>\n<p>Sempre nel quadro dei lavori del Consiglio di Sicurezza, il Sottosegretario ha preso parte alla sessione sull\u2019adozione della risoluzione che &#8211; ai sensi della risoluzione 2292 &#8211; rinnova le misure per rafforzare l\u2019attuazione dell\u2019embargo delle armi al largo delle coste libiche. Durante l\u2019incontro Amendola ha ricordato che l&#8217;Italia \u00e8 impegnata a contrastare la minaccia di proliferazione delle armi nella regione libica, ed ha ribadito il ruolo fondamentale svolto dalla Missione europea EUNAVOFORMED \u201cSophia\u201d e dall&#8217;Italia nel contrastare sia il traffico di esseri umani e il contrabbando, sia il commercio illecito di armi. Il Sottosegretario Amendola ha anche ricordato il sostegno dell\u2019Italia al processo di stabilizzazione della Libia, attraverso il sostegno al Consiglio Presidenziale e all\u2019LPA e mediante iniziative in favore della riconciliazione nel Paese.<\/p>\n<p>Nel tardo pomeriggio, infine, Amendola incontrer\u00e0 Fabrizio Hochschild, Assistant Secretary General per il Coordinamento Strategico delle Nazioni Unite. \u00a0Voluto da il nuovo Segretario Generale Ant\u00f3nio Guterres, Hochschild ha il compito di assicurare la coerenza tra i vari dossier relativi alle questioni politiche, al peacekeeping, allo sviluppo, alle questioni umanitarie, ai diritti umani e al rule of law. Nell\u2019incontro il Sottosegretario riconfermer\u00e0 il pieno sostegno dell\u2019Italia all\u2019agenda del Segretario Generale, alla sua riforma dell\u2019Onu, e la piena disponibilit\u00e0 ad assisterlo fattivamente e secondo le modalit\u00e0 pi\u00f9 opportune. \u00a0<\/p>\n","protected":false},"excerpt":{"rendered":"Amendola oggi ha preso parte al briefing pubblico del Consiglio di Sicurezza Onu sulla Repubblica Centrafricana e la missione MINUSCA, autorizzata dalle Nazioni Unite nel 2014 per la costruzione della pace nel Paese, la protezione dei civili, il sostegno al processo di transizione, la promozione e tutela dei diritti umani, il sostegno alla giustizia, allo [&hellip;]","protected":false},"author":1,"featured_media":0,"comment_status":"","ping_status":"","sticky":false,"template":"","format":"standard","meta":{"footnotes":""},"categories":[1],"tags":[26,399],"class_list":["post-4279","post","type-post","status-publish","format-standard","hentry","category-comunicati","tag-onu","tag-vice-ministri-e-sottosegretari-precedenti"],"_links":{"self":[{"href":"https:\/\/www.esteri.it\/it\/wp-json\/wp\/v2\/posts\/4279","targetHints":{"allow":["GET"]}}],"collection":[{"href":"https:\/\/www.esteri.it\/it\/wp-json\/wp\/v2\/posts"}],"about":[{"href":"https:\/\/www.esteri.it\/it\/wp-json\/wp\/v2\/types\/post"}],"author":[{"embeddable":true,"href":"https:\/\/www.esteri.it\/it\/wp-json\/wp\/v2\/users\/1"}],"replies":[{"embeddable":true,"href":"https:\/\/www.esteri.it\/it\/wp-json\/wp\/v2\/comments?post=4279"}],"version-history":[{"count":0,"href":"https:\/\/www.esteri.it\/it\/wp-json\/wp\/v2\/posts\/4279\/revisions"}],"wp:attachment":[{"href":"https:\/\/www.esteri.it\/it\/wp-json\/wp\/v2\/media?parent=4279"}],"wp:term":[{"taxonomy":"category","embeddable":true,"href":"https:\/\/www.esteri.it\/it\/wp-json\/wp\/v2\/categories?post=4279"},{"taxonomy":"post_tag","embeddable":true,"href":"https:\/\/www.esteri.it\/it\/wp-json\/wp\/v2\/tags?post=4279"}],"curies":[{"name":"wp","href":"https:\/\/api.w.org\/{rel}","templated":true}]}}