{"id":4324,"date":"2017-05-24T18:39:27","date_gmt":"2017-05-24T16:39:27","guid":{"rendered":"https:\/\/www.esteri.it\/sala_stampa\/archivionotizie\/comunicati\/2017\/05\/iraq-amendola-in-visita-alle-basi\/"},"modified":"2017-05-24T18:39:27","modified_gmt":"2017-05-24T16:39:27","slug":"iraq-amendola-in-visita-alle-basi","status":"publish","type":"post","link":"https:\/\/www.esteri.it\/it\/sala_stampa\/archivionotizie\/comunicati\/2017\/05\/iraq-amendola-in-visita-alle-basi\/","title":{"rendered":"Iraq, Amendola in visita alle basi italiane di Baghdad ed Erbil"},"content":{"rendered":"<p>Prosegue la missione in Iraq del Sottosegretario agli Esteri, Vincenzo Amendola. Il primo incontro di questa mattina \u00e8 stato a Baghdad con il Ministro dei Trasporti, Kadhim Finjan al-Hamami. Al centro dei colloqui i progetti messi in campo dal Governo iracheno per l\u2019ammodernamento delle infrastrutture nazionali, da quelle stradali alle ferroviarie e portuali.<\/p>\n<p>A seguire il Sottosegretario ha fatto visita a Camp Dublin per potare il saluto del Governo italiano ai militari italiani impegnati nell&#8217;addestramento delle forze di sicurezza e di polizia irachene, con particolare enfasi alle tecniche antiterrorismo.<\/p>\n<p>Un&#8217;attivit\u00e0 di formazione che &#8211; con l&#8217;approssimarsi della conquista definitiva di Mosul &#8211; si sta rivelando di fondamentale importanza per la stabilizzazione delle zone liberate. Dal 28 giugno 2015 i Carabinieri hanno formato oltre 8500 unit\u00e0 di polizia locale e federale. Altri 4000 mila iracheni e circa 800 pashmerga sono stati, invece, formati dai contingenti di altre forze italiane impegnate in attivit\u00e0 di addestramento.<\/p>\n<p>Nel pomeriggio Amendola si \u00e8 spostato ad Erbil, dove si \u00e8 recato alla base militare italiana. Nel nord del Paese i militari italiani hanno il compito di addestrare le unit\u00e0 del Governo Regionale Kurdo (oltre 9 mila fino ad oggi).<\/p>\n<p>Ai militari di stanza a Baghdad ed Erbil, che fanno parte della missione Prima Parthica nell\u2019ambito della Coalizione internazionale contro Daesh, Amendola ha ribadito \u201cla riconoscenza e l\u2019apprezzamento di tutti gli italiani. Il Governo segue con grande attenzione il vostro eccellente lavoro di portatori di pace nel mondo \u2013 ha aggiunto \u2013. L\u2019operazione Prima Parthica \u00e8 un fiore all\u2019occhiello per il nostro Paese. Operate per garantire il buon esito delle attivit\u00e0 di addestramento delle forze di sicurezza e di polizia irachene e peshmerga, essenziali ai fini del presidio delle aree liberate da Daesh\u201d.<\/p>\n<p>Successivamente il Sottosegretario ha incontrato il Capo Dipartimento Esteri del Governo Regionale Curdo, Falah Mustafa. Infine, in serata Amendola ha partecipato alle celebrazioni anticipate del 71mo Anniversario della Repubblica Italiana.<\/p>\n<p>\u00a0<\/p>\n","protected":false},"excerpt":{"rendered":"Prosegue la missione in Iraq del Sottosegretario agli Esteri, Vincenzo Amendola. Il primo incontro di questa mattina \u00e8 stato a Baghdad con il Ministro dei Trasporti, Kadhim Finjan al-Hamami. Al centro dei colloqui i progetti messi in campo dal Governo iracheno per l\u2019ammodernamento delle infrastrutture nazionali, da quelle stradali alle ferroviarie e portuali. A seguire [&hellip;]","protected":false},"author":1,"featured_media":0,"comment_status":"","ping_status":"","sticky":false,"template":"","format":"standard","meta":{"footnotes":""},"categories":[1],"tags":[6,399],"class_list":["post-4324","post","type-post","status-publish","format-standard","hentry","category-comunicati","tag-mediterraneo-e-medio-oriente","tag-vice-ministri-e-sottosegretari-precedenti"],"_links":{"self":[{"href":"https:\/\/www.esteri.it\/it\/wp-json\/wp\/v2\/posts\/4324","targetHints":{"allow":["GET"]}}],"collection":[{"href":"https:\/\/www.esteri.it\/it\/wp-json\/wp\/v2\/posts"}],"about":[{"href":"https:\/\/www.esteri.it\/it\/wp-json\/wp\/v2\/types\/post"}],"author":[{"embeddable":true,"href":"https:\/\/www.esteri.it\/it\/wp-json\/wp\/v2\/users\/1"}],"replies":[{"embeddable":true,"href":"https:\/\/www.esteri.it\/it\/wp-json\/wp\/v2\/comments?post=4324"}],"version-history":[{"count":0,"href":"https:\/\/www.esteri.it\/it\/wp-json\/wp\/v2\/posts\/4324\/revisions"}],"wp:attachment":[{"href":"https:\/\/www.esteri.it\/it\/wp-json\/wp\/v2\/media?parent=4324"}],"wp:term":[{"taxonomy":"category","embeddable":true,"href":"https:\/\/www.esteri.it\/it\/wp-json\/wp\/v2\/categories?post=4324"},{"taxonomy":"post_tag","embeddable":true,"href":"https:\/\/www.esteri.it\/it\/wp-json\/wp\/v2\/tags?post=4324"}],"curies":[{"name":"wp","href":"https:\/\/api.w.org\/{rel}","templated":true}]}}