{"id":4344,"date":"2017-05-19T11:02:05","date_gmt":"2017-05-19T09:02:05","guid":{"rendered":"https:\/\/www.esteri.it\/sala_stampa\/archivionotizie\/comunicati\/2017\/05\/missione-a-cipro-per-il-sottosegretario\/"},"modified":"2017-05-19T11:02:05","modified_gmt":"2017-05-19T09:02:05","slug":"missione-a-cipro-per-il-sottosegretario","status":"publish","type":"post","link":"https:\/\/www.esteri.it\/it\/sala_stampa\/archivionotizie\/comunicati\/2017\/05\/missione-a-cipro-per-il-sottosegretario\/","title":{"rendered":"Missione a Cipro del Sottosegretario agli Esteri, Vincenzo Amendola"},"content":{"rendered":"<p>Missione a Cipro per il Sottosegretario agli Esteri, Vincenzo Amendola. Nel quadro della missione a Cipro per partecipare ai lavori del Comitato dei Ministri del Consiglio d&#8217;Europa, da questa mattina l\u2019esponente del Governo italiano \u00e8 nella capitale Nicosia dove ha avuto degli incontri bilaterali e visitato il Quartier Generale dell\u2019United Nations Peacekeeping Force in Ciprus.<\/p>\n<p>In questa prima giornata di missione, il Sottosegretario Amendola ha prima avuto un incontro ci cortesia con \u00a0il Presidente della Repubblica, Nicos Anastasiades, e ed ha poi incontrato i Ministri degli Esteri, Ioannis Kasoulides, e dell\u2019Energia, Yiorgos Lakkotrypis. Con le autorit\u00e0 locali, \u00e8 stato fatto il punto sull&#8217;eccellente andamento dei rapporti bilaterali, sia in ambito politico che economico, con particolare riferimento al settore energetico. In tale contesto sono stati evidenziati il ruolo di primo piano svolto da ENI nella ricerca di idrocarburi\u00a0 nel Mediterraneo orientale e le potenzialita\u2019 del progetto di gasdotto EastMed, a cui partecipa Edison, che potrebbe assicurare all\u2019Italia e all\u2019Europa una fonte alternativa di approvvigionamento.\u00a0<\/p>\n<p>La \u201cquestione cipriota\u201d, la cui soluzione porterebbe grande beneficio non solo alle popolazioni dell\u2019isola, ma anche al resto di una regione caratterizzata da grande instabilita\u2019, all\u2019intera Europa ed ai rapporti tra la medesima e la Turchia, e\u2019 stata presente in tutti gli incontri. \u201cSeguiamo con la massima attenzione e sosteniamo i negoziati in corso \u2013ha dichiarato il Sottosegretario Amendola- ed auspichiamo che greco-ciprioti e turchi-ciprioti, sulla base dei notevoli progressi realizzati negli ultimi due anni, riescano a superare le difficolta\u2019 del momento e compiere\u00a0 l\u2019ultimo passo verso una soluzione comprensiva e sostenibile.\u00a0 Siamo convinti che la soluzione del problema sarebbe molto vantaggiosa per entrambe le comunit\u00e0 dell\u2019isola e per l\u2019area mediterranea orientale\u201d.<\/p>\n<p>In mattinata, Amendola si \u00e8 inoltre recato al Comando UNPOL, presso il Quartier Generale UNFICYP, dove ha incontrato il Comandante, il Colonnello Andri Sachavo, e il Maresciallo Capo dei Carabinieri Antonio Longo. UNFICYP, la cui missione \u00e8 stata rinnovata di sei mesi lo scorso gennaio, \u00e8 stata istituita dal Consiglio di Sicurezza nel 1964 per impedire la prosecuzione degli scontri tra le comunit\u00e0 greca e turca dell\u2019isola e, successivamente all\u2019intervento armato turco del 1974, per assicurare il cessate il fuoco\u00a0 tra le due parti.\u00a0<\/p>\n<p>Durante la visita, il Sottosegretario ha incontrato anche Espen Barth Eide, Inviato Speciale del Segretario Generale dell\u2019Onu. \u201cLe Nazioni Unite, con l\u2019UNFICYP &#8211; di cui fa parte anche l\u2019Italia &#8211; e la missione di buoni uffici guidata da Eide, stanno facendo un ottimo lavoro\u201d, ha spiegato Amendola, confermando l\u2019appoggio dell\u2019Italia all\u2019azione dell\u2019ONU.<\/p>\n<p>Al termine della mattinata, il Sottosegretario ha partecipato a una colazione di lavoro in Ambasciata, alla quale sono intervenuti i Presidenti delle Camere di commercio e industria greco-cipriota e turco-cipriota, nonche\u2019\u00a0 Erhan Ercin, Consigliere per gli Affari Europei e Internazionali del leader turco-cipriota Akinci.\u00a0 La missione a Cipro proseguir\u00e0 domani con i lavori del Comitato dei Ministri del Consiglio d\u2019Europa.<\/p>\n","protected":false},"excerpt":{"rendered":"Missione a Cipro per il Sottosegretario agli Esteri, Vincenzo Amendola. Nel quadro della missione a Cipro per partecipare ai lavori del Comitato dei Ministri del Consiglio d&#8217;Europa, da questa mattina l\u2019esponente del Governo italiano \u00e8 nella capitale Nicosia dove ha avuto degli incontri bilaterali e visitato il Quartier Generale dell\u2019United Nations Peacekeeping Force in Ciprus. [&hellip;]","protected":false},"author":1,"featured_media":0,"comment_status":"","ping_status":"","sticky":false,"template":"","format":"standard","meta":{"footnotes":""},"categories":[1],"tags":[9,399],"class_list":["post-4344","post","type-post","status-publish","format-standard","hentry","category-comunicati","tag-europa","tag-vice-ministri-e-sottosegretari-precedenti"],"_links":{"self":[{"href":"https:\/\/www.esteri.it\/it\/wp-json\/wp\/v2\/posts\/4344","targetHints":{"allow":["GET"]}}],"collection":[{"href":"https:\/\/www.esteri.it\/it\/wp-json\/wp\/v2\/posts"}],"about":[{"href":"https:\/\/www.esteri.it\/it\/wp-json\/wp\/v2\/types\/post"}],"author":[{"embeddable":true,"href":"https:\/\/www.esteri.it\/it\/wp-json\/wp\/v2\/users\/1"}],"replies":[{"embeddable":true,"href":"https:\/\/www.esteri.it\/it\/wp-json\/wp\/v2\/comments?post=4344"}],"version-history":[{"count":0,"href":"https:\/\/www.esteri.it\/it\/wp-json\/wp\/v2\/posts\/4344\/revisions"}],"wp:attachment":[{"href":"https:\/\/www.esteri.it\/it\/wp-json\/wp\/v2\/media?parent=4344"}],"wp:term":[{"taxonomy":"category","embeddable":true,"href":"https:\/\/www.esteri.it\/it\/wp-json\/wp\/v2\/categories?post=4344"},{"taxonomy":"post_tag","embeddable":true,"href":"https:\/\/www.esteri.it\/it\/wp-json\/wp\/v2\/tags?post=4344"}],"curies":[{"name":"wp","href":"https:\/\/api.w.org\/{rel}","templated":true}]}}