{"id":4461,"date":"2017-03-30T19:34:31","date_gmt":"2017-03-30T17:34:31","guid":{"rendered":"https:\/\/www.esteri.it\/sala_stampa\/archivionotizie\/comunicati\/2017\/03\/il-sottosegretario-amendola-in_2\/"},"modified":"2017-03-30T19:34:31","modified_gmt":"2017-03-30T17:34:31","slug":"il-sottosegretario-amendola-in_2","status":"publish","type":"post","link":"https:\/\/www.esteri.it\/it\/sala_stampa\/archivionotizie\/comunicati\/2017\/03\/il-sottosegretario-amendola-in_2\/","title":{"rendered":"Il Sottosegretario Amendola in missione a Kiev"},"content":{"rendered":"<p>Nel pomeriggio Amendola ha discusso con il Vice Primo Ministro per l\u2019Integrazione euroatlantica, Ivanna Klympush-Tsintsadze. Temi al centro del dialogo i rapporti bilaterali con l\u2019Italia, il processo di ratifica dell\u2019accordo di associazione tra l\u2019Unione Europea e l\u2019Ucraina, le riforme in atto nel Paese dell\u2019est Europa e la missione europea EUAM (European Union Advisory Mission), alla quale il Sottosegretario ha ribadito l\u2019impegno e il sostegno italiano per il \u201craggiungimento di risultati significativi nel campo della sicurezza interna\u201d. Amendola, inoltre, ha ricordato \u201cl\u2019appoggio italiano per il mantenimento dell\u2019indipendenza, la sovranit\u00e0 e l&#8217;integrit\u00e0 territoriale dell\u2019Ucraina\u201d.<\/p>\n<p>Il Sottosegretario, inoltre, incontrer\u00e0 stasera i componenti del Governo e i deputati iscritti all\u2019Associazione d\u2019amicizia Italia-Ucraina. Saranno presenti, tra gli altri: il Ministro del Gabinetto dei Ministri Oleksander Saenko; il Vice Ministro dell\u2019Interno Anastasiya Deeva, e gli Onorevoli: Sergey Alekseev, Iryna Friz, Olga Belkova e Dmytro Bilotserkovets.<\/p>\n<p>La missione proseguir\u00e0 domani nella Capitale ucraina dove, tra i diversi appuntamenti, Amendola incontrer\u00e0 il Presidente della Commissione Esteri della Verkhovna Rada, Anna Gopko; visiter\u00e0 il quartier generale della missione di monitoraggio speciale OSCE, e discuter\u00e0 con il Vice Ministro degli Esteri, Olena Zerkal.<\/p>\n<p>Sempre domani sera, il Sottosegretario parteciper\u00e0 al Teatro nazionale dell\u2019opera alla prima della Tosca, alla presenza del Vice Ministro Zerkal, per celebrare i 60 anni dei Trattati di Roma e il 25^ anniversario delle relazioni fra Italia e Ucraina.<\/p>\n","protected":false},"excerpt":{"rendered":"Nel pomeriggio Amendola ha discusso con il Vice Primo Ministro per l\u2019Integrazione euroatlantica, Ivanna Klympush-Tsintsadze. Temi al centro del dialogo i rapporti bilaterali con l\u2019Italia, il processo di ratifica dell\u2019accordo di associazione tra l\u2019Unione Europea e l\u2019Ucraina, le riforme in atto nel Paese dell\u2019est Europa e la missione europea EUAM (European Union Advisory Mission), alla [&hellip;]","protected":false},"author":1,"featured_media":0,"comment_status":"","ping_status":"","sticky":false,"template":"","format":"standard","meta":{"footnotes":""},"categories":[1],"tags":[9,399],"class_list":["post-4461","post","type-post","status-publish","format-standard","hentry","category-comunicati","tag-europa","tag-vice-ministri-e-sottosegretari-precedenti"],"_links":{"self":[{"href":"https:\/\/www.esteri.it\/it\/wp-json\/wp\/v2\/posts\/4461","targetHints":{"allow":["GET"]}}],"collection":[{"href":"https:\/\/www.esteri.it\/it\/wp-json\/wp\/v2\/posts"}],"about":[{"href":"https:\/\/www.esteri.it\/it\/wp-json\/wp\/v2\/types\/post"}],"author":[{"embeddable":true,"href":"https:\/\/www.esteri.it\/it\/wp-json\/wp\/v2\/users\/1"}],"replies":[{"embeddable":true,"href":"https:\/\/www.esteri.it\/it\/wp-json\/wp\/v2\/comments?post=4461"}],"version-history":[{"count":0,"href":"https:\/\/www.esteri.it\/it\/wp-json\/wp\/v2\/posts\/4461\/revisions"}],"wp:attachment":[{"href":"https:\/\/www.esteri.it\/it\/wp-json\/wp\/v2\/media?parent=4461"}],"wp:term":[{"taxonomy":"category","embeddable":true,"href":"https:\/\/www.esteri.it\/it\/wp-json\/wp\/v2\/categories?post=4461"},{"taxonomy":"post_tag","embeddable":true,"href":"https:\/\/www.esteri.it\/it\/wp-json\/wp\/v2\/tags?post=4461"}],"curies":[{"name":"wp","href":"https:\/\/api.w.org\/{rel}","templated":true}]}}