{"id":4476,"date":"2017-03-23T18:36:14","date_gmt":"2017-03-23T17:36:14","guid":{"rendered":"https:\/\/www.esteri.it\/sala_stampa\/archivionotizie\/comunicati\/2017\/03\/missione-a-new-york-del-sottosegretario\/"},"modified":"2017-03-23T18:36:14","modified_gmt":"2017-03-23T17:36:14","slug":"missione-a-new-york-del-sottosegretario","status":"publish","type":"post","link":"https:\/\/www.esteri.it\/it\/sala_stampa\/archivionotizie\/comunicati\/2017\/03\/missione-a-new-york-del-sottosegretario\/","title":{"rendered":"Missione a New York del Sottosegretario agli Affari Esteri, Vincenzo Amendola"},"content":{"rendered":"<p>Missione a New York per il Sottosegretario agli Affari Esteri, Vincenzo Amendola. L\u2019esponente del governo italiano \u00e8 al Palazzo di Vetro nell\u2019ambito della partecipazione dell\u2019Italia, come membro non permanente, al Consiglio di Sicurezza delle Nazioni Unite.<\/p>\n<p>Il Sottosegretario ha preso parte alla sessione pubblica in CdS per l\u2019adozione di una risoluzione sulla non proliferazione e attuazione delle sanzioni in Corea del Nord. Il Consiglio di Sicurezza durante la riunione, infatti, ha deciso l\u2019estensione di un anno del mandato del Panel di esperti, organo ausiliario del Comitato Sanzioni sulla Corea del Nord (Comitato 1718), di cui l\u2019Italia ha assunto la presidenza a partire da gennaio 2017.\u00a0<\/p>\n<p>Successivamente, sempre in Consiglio di Sicurezza, l\u2019esponente del governo italiano \u00e8 intervenuto durante l\u2019Adozione Risoluzione di rinnovo del mandato United Nations Assistance Mission in Somalia (UNSOM). Il briefing Ministeriale \u00e8 stato presieduto dal Segretario di Stato inglese Boris Johnson. All\u2019incontro hanno partecipato anche il Presidente somalo Mohamed Abdullahi Farmajo, in video conferenza, e il Ministro degli Affari Esteri uscente di Mogadiscio, Abdusalam Omer, presente in sala.<\/p>\n<p>Amendola, inoltre, in mattinata ha avuto un incontro bilaterale con il Ministro degli Esteri della Somalia, Abdusalam Omer. Temi al centro dell\u2019incontro la sicurezza nazionale somala, le tensioni politiche nel Paese, il terrorismo islamico, la sicurezza interna, la siccit\u00e0 e la grave emergenza umanitaria.<\/p>\n<p>Amendola, nell\u2019auspicare il consolidamento delle istituzioni somale e l\u2019avvio di un reale processo di stabilizzazione, ha ricordato il ruolo di primo piano dell\u2019Italia nel Paese \u201ccome dimostra il fatto che siamo tra i pochi ad avere un Ambasciatore a Mogadiscio. La Somalia \u00e8 tradizionalmente un Paese prioritario per la Cooperazione Italiana. Il nostro impegno &#8211; ha spiegato Amendola &#8211; si rivolge al rafforzamento delle capacit\u00e0 istituzionali e al miglioramento delle condizioni di vita della popolazione attraverso programmi nei settori sanitario, della sicurezza alimentare e dello sviluppo economico\u201d.<\/p>\n<p>Nel pomeriggio, il Sottosegretario prender\u00e0 parte alla sessione pubblica in CdS sul Sud Sudan.<\/p>\n<p>La missione proseguir\u00e0 domani con altri incontri alle Nazioni Unite, tra cui una sessione pubblica in CdS dove sar\u00e0 dove sar\u00e0 presentata l\u2019iniziativa italo-francese per una Risoluzione del Consiglio di Sicurezza relativa alla protezione dei beni culturali da distruzioni e traffici illeciti in situazioni di conflitto.<\/p>\n","protected":false},"excerpt":{"rendered":"Missione a New York per il Sottosegretario agli Affari Esteri, Vincenzo Amendola. L\u2019esponente del governo italiano \u00e8 al Palazzo di Vetro nell\u2019ambito della partecipazione dell\u2019Italia, come membro non permanente, al Consiglio di Sicurezza delle Nazioni Unite. Il Sottosegretario ha preso parte alla sessione pubblica in CdS per l\u2019adozione di una risoluzione sulla non proliferazione e [&hellip;]","protected":false},"author":1,"featured_media":0,"comment_status":"","ping_status":"","sticky":false,"template":"","format":"standard","meta":{"footnotes":""},"categories":[1],"tags":[26,399],"class_list":["post-4476","post","type-post","status-publish","format-standard","hentry","category-comunicati","tag-onu","tag-vice-ministri-e-sottosegretari-precedenti"],"_links":{"self":[{"href":"https:\/\/www.esteri.it\/it\/wp-json\/wp\/v2\/posts\/4476","targetHints":{"allow":["GET"]}}],"collection":[{"href":"https:\/\/www.esteri.it\/it\/wp-json\/wp\/v2\/posts"}],"about":[{"href":"https:\/\/www.esteri.it\/it\/wp-json\/wp\/v2\/types\/post"}],"author":[{"embeddable":true,"href":"https:\/\/www.esteri.it\/it\/wp-json\/wp\/v2\/users\/1"}],"replies":[{"embeddable":true,"href":"https:\/\/www.esteri.it\/it\/wp-json\/wp\/v2\/comments?post=4476"}],"version-history":[{"count":0,"href":"https:\/\/www.esteri.it\/it\/wp-json\/wp\/v2\/posts\/4476\/revisions"}],"wp:attachment":[{"href":"https:\/\/www.esteri.it\/it\/wp-json\/wp\/v2\/media?parent=4476"}],"wp:term":[{"taxonomy":"category","embeddable":true,"href":"https:\/\/www.esteri.it\/it\/wp-json\/wp\/v2\/categories?post=4476"},{"taxonomy":"post_tag","embeddable":true,"href":"https:\/\/www.esteri.it\/it\/wp-json\/wp\/v2\/tags?post=4476"}],"curies":[{"name":"wp","href":"https:\/\/api.w.org\/{rel}","templated":true}]}}