{"id":4522,"date":"2017-03-01T17:20:03","date_gmt":"2017-03-01T16:20:03","guid":{"rendered":"https:\/\/www.esteri.it\/sala_stampa\/archivionotizie\/comunicati\/2017\/03\/missione-in-turchia-per-il-sottosegretario\/"},"modified":"2017-03-01T17:20:03","modified_gmt":"2017-03-01T16:20:03","slug":"missione-in-turchia-per-il-sottosegretario","status":"publish","type":"post","link":"https:\/\/www.esteri.it\/it\/sala_stampa\/archivionotizie\/comunicati\/2017\/03\/missione-in-turchia-per-il-sottosegretario\/","title":{"rendered":"Missione in Turchia per il Sottosegretario Vincenza Amendola"},"content":{"rendered":"<p>Missione in Turchia per il Sottosegretario agli Affari Esteri, Vincenzo Amendola. L\u2019esponente del governo ha incontrato oggi il Sottosegretario agli Affari Esteri \u00dcmit Yal\u00e7\u0131n, il Vice Sottosegretario competente per l\u2019Europa, Mehmet K. Bozay, il Sottosegretario del Ministero per gli Affari Europei, Selim Yenel. Temi al centro dei dibattito la situazione in Libia, Siria e Iraq, l\u2019immigrazione e la sicurezza con particolare riguardo alla collaborazione in materia di contrasto al terrorismo.<\/p>\n<p>Amendola, con gli interlocutori turchi, ha confermato l\u2019ottimo andamento dei rapporti bilaterali e l\u2019interesse italiano al dialogo con Ankara anche a livello europeo. Sia da parte del Sottosegretario Amendola che da parte turca \u00e9 stata sottolineata l&#8217;importanza di un ulteriore rafforzamento della collaborazione sulla Libia, dove Italia e Turchia sono accomunate dall\u2019obiettivo di consolidare il ruolo delle istituzioni di Skhirat e garantire la centralit\u00e0 di Tripoli e il ruolo dell\u2019Ovest negli equilibri nazionali.<\/p>\n<p>\u201cPensiamo che sia molto importante mantenere un dialogo aperto su tutte le questioni importanti, come la stabilizzazione delle crisi nella regione del Nord Africa e del Medio Oriente, la gestione dei flussi migratori e la lotta contro il terrorismo\u201d ha sottolineato Amendola, riconfermando quanto emerso in un recente incontro tra il ministro Alfano e il Ministro degli Esteri turco Cavusoglu. \u201cCi aspettiamo &#8211; ha proseguito il Sottosegretario &#8211; che Ankara possa svolgere un ruolo positivo nella regione. Riteniamo \u2013 ha aggiunto Amendola \u2013 che sia utile fare passi in avanti sul partenariato economico bilaterale, anche alla luce degli ottimi risultati della prima riunione del JETCO (Commissione Mista Economica e Commerciale) svoltasi a Istanbul il 22 febbraio e guidata per parte italiana dal Ministro per lo Sviluppo Economico, Carlo Calenda&#8221;.<\/p>\n<p>Nel pomeriggio Amendola ha inoltre avuto un colloquio con l\u2019Ambasciatore Christian Berger, Capo Delegazione dell\u2019Unione Europea ad Ankara. La visita \u00e9 quindi proseguita con un incontro con il Vice Co-Presidente del Partito Democratico dei Popoli \u2013 HDP, Hi\u015fyar. In serata il Sottosegretario ha infine partecipato a un incontro &#8211; presso l\u2019Ambasciata italiana &#8211; con esponenti della societ\u00e0 civile e di think tank, della stampa, del mondo accademico turco. La visita terminer\u00e0 domani con altri due appuntamenti. Il primo con Jean-Marie Garelli, UNHCR Deputy Representative. Il secondo con Selin Sayek B\u00f6ke, Vice Presidente e Portavoce del Partito Popolare Repubblicano \u2013 CHP.<\/p>\n","protected":false},"excerpt":{"rendered":"Missione in Turchia per il Sottosegretario agli Affari Esteri, Vincenzo Amendola. L\u2019esponente del governo ha incontrato oggi il Sottosegretario agli Affari Esteri \u00dcmit Yal\u00e7\u0131n, il Vice Sottosegretario competente per l\u2019Europa, Mehmet K. Bozay, il Sottosegretario del Ministero per gli Affari Europei, Selim Yenel. Temi al centro dei dibattito la situazione in Libia, Siria e Iraq, [&hellip;]","protected":false},"author":1,"featured_media":0,"comment_status":"","ping_status":"","sticky":false,"template":"","format":"standard","meta":{"footnotes":""},"categories":[1],"tags":[9,399],"class_list":["post-4522","post","type-post","status-publish","format-standard","hentry","category-comunicati","tag-europa","tag-vice-ministri-e-sottosegretari-precedenti"],"_links":{"self":[{"href":"https:\/\/www.esteri.it\/it\/wp-json\/wp\/v2\/posts\/4522","targetHints":{"allow":["GET"]}}],"collection":[{"href":"https:\/\/www.esteri.it\/it\/wp-json\/wp\/v2\/posts"}],"about":[{"href":"https:\/\/www.esteri.it\/it\/wp-json\/wp\/v2\/types\/post"}],"author":[{"embeddable":true,"href":"https:\/\/www.esteri.it\/it\/wp-json\/wp\/v2\/users\/1"}],"replies":[{"embeddable":true,"href":"https:\/\/www.esteri.it\/it\/wp-json\/wp\/v2\/comments?post=4522"}],"version-history":[{"count":0,"href":"https:\/\/www.esteri.it\/it\/wp-json\/wp\/v2\/posts\/4522\/revisions"}],"wp:attachment":[{"href":"https:\/\/www.esteri.it\/it\/wp-json\/wp\/v2\/media?parent=4522"}],"wp:term":[{"taxonomy":"category","embeddable":true,"href":"https:\/\/www.esteri.it\/it\/wp-json\/wp\/v2\/categories?post=4522"},{"taxonomy":"post_tag","embeddable":true,"href":"https:\/\/www.esteri.it\/it\/wp-json\/wp\/v2\/tags?post=4522"}],"curies":[{"name":"wp","href":"https:\/\/api.w.org\/{rel}","templated":true}]}}