{"id":4532,"date":"2017-02-22T08:43:40","date_gmt":"2017-02-22T07:43:40","guid":{"rendered":"https:\/\/www.esteri.it\/sala_stampa\/archivionotizie\/comunicati\/2017\/02\/il-sottosegretario-amendola-in_1\/"},"modified":"2017-02-22T08:43:40","modified_gmt":"2017-02-22T07:43:40","slug":"il-sottosegretario-amendola-in_1","status":"publish","type":"post","link":"https:\/\/www.esteri.it\/it\/sala_stampa\/archivionotizie\/comunicati\/2017\/02\/il-sottosegretario-amendola-in_1\/","title":{"rendered":"Il Sottosegretario Amendola in Algeria per partecipare alla riunione &#8220;Dialogo strategico bilaterale sulle questioni politiche e di sicurezza tra Italia e Algeria&#8221;"},"content":{"rendered":"<p>Il Sottosegretario agli Affari Esteri Vincenzo Amendola \u00e8 da oggi in Algeria per partecipare alla terza riunione del &#8220;Dialogo strategico bilaterale sulle questioni politiche e di sicurezza tra Italia e Algeria&#8221;. Questo appuntamento segue quello italiano di Roma, svoltosi lo scorso 8 luglio. L\u2019esponente del governo italiano &#8211; accompagnato dall&#8217;Ambasciatore d&#8217;Italia in Algeria, Pasquale Ferrara, e da una delegazione interministeriale &#8211; ha presieduto l\u2019incontro insieme al Ministro degli Affari maghrebini, dell\u2019Unione africana e della Lega Araba dell\u2019Algeria, Abdelkader Messahel. All\u2019ordine del giorno le principali crisi regionali (Libia, Tunisia, Mali e dimensione saheliana, Sahara Occidentale) e, in una seconda parte, la valutazione della minaccia, a livello regionale e internazionale, rappresentata dal terrorismo, affrontata attraverso approfondimenti dedicati ai temi dei foreign fighter, del finanziamento e dei collegamenti tra criminalit\u00e0 organizzata, terrorismo e radicalismo. In tale contesto, un&#8217;attenzione particolare \u00e8 stata riservata alla situazione in Libia e al ruolo della Comunit\u00e0 internazionale per la stabilizzazione del Paese. Quello libico \u00e8 un dossier su cui Italia e Algeria condividono lo stesso approccio: sostegno alla ownership libica, rispetto dell&#8217;integrit\u00e0 territoriale e dell&#8217;unit\u00e0 del Paese, processo inclusivo, nel contesto dell&#8217;azione delle Nazioni Unite. Sia Italia che Algeria ritengono inoltre che l&#8217;Accordo politico libico &#8211; al cui interno si possono trovare anche eventuali aggiustamenti e ricalibrature- debba rimanere la cornice da cui muovere per la soluzione della crisi.<\/p>\n<p>\u201cNon possiamo permettere che la Libia piombi nuovamente nel caos. La riapertura della nostra Ambasciata a Tripoli, lo scorso 10 gennaio, mostra il nostro impegno e la nostra fiducia nelle capacit\u00e0 del Paese di superare l&#8217;attuale crisi. Il nostro Ambasciatore in Libia \u00e8 stato a Tobruk nei giorni scorsi per sottolineare il sostegno italiano a tutta la popolazione libica nel cammino verso la riconciliazione\u201d, ha detto Amendola.<\/p>\n<p>\u201cAccogliamo con favore le iniziative positive dei Paesi confinanti e delle organizzazioni regionali come l\u2019Unione Africana e la Lega Araba. Sforzi internazionali coesi e coerenti per sostenere la mediazione delle Nazioni Unite hanno un ruolo importante da svolgere nella risoluzione della crisi libica\u201d, ha aggiunto Amendola. E\u2019 questo un obiettivo prioritario dell&#8217;azione italiana come sottolineato dal ministro Alfano nel corso della conferenza sulla sicurezza di monaco di baviera lo scorso 18 febbraio.<\/p>\n<p>Durante la sua visita, il Sottosegretario avr\u00e0 domani anche un incontro bilaterale con il Ministro algerino Messahel. \u00c8 inoltre prevista una riunione con esponenti del mondo dell\u2019imprenditoria italiana in Algeria e con organizzazioni umanitarie. Sono oggi circa 180 le imprese italiane stabilmente presenti nel Paese, operanti, tra l&#8217;altro, in settori strategici quali quello delle infrastrutture e dell&#8217;energia. Con un interscambio pari a quasi 9 miliardi di euro (dati 2016) l&#8217;Italia \u00e8 oggi infatti il principale partner commerciale dell&#8217;Algeria.<\/p>\n","protected":false},"excerpt":{"rendered":"Il Sottosegretario agli Affari Esteri Vincenzo Amendola \u00e8 da oggi in Algeria per partecipare alla terza riunione del &#8220;Dialogo strategico bilaterale sulle questioni politiche e di sicurezza tra Italia e Algeria&#8221;. Questo appuntamento segue quello italiano di Roma, svoltosi lo scorso 8 luglio. L\u2019esponente del governo italiano &#8211; accompagnato dall&#8217;Ambasciatore d&#8217;Italia in Algeria, Pasquale Ferrara, [&hellip;]","protected":false},"author":1,"featured_media":0,"comment_status":"","ping_status":"","sticky":false,"template":"","format":"standard","meta":{"footnotes":""},"categories":[1],"tags":[6,399],"class_list":["post-4532","post","type-post","status-publish","format-standard","hentry","category-comunicati","tag-mediterraneo-e-medio-oriente","tag-vice-ministri-e-sottosegretari-precedenti"],"_links":{"self":[{"href":"https:\/\/www.esteri.it\/it\/wp-json\/wp\/v2\/posts\/4532","targetHints":{"allow":["GET"]}}],"collection":[{"href":"https:\/\/www.esteri.it\/it\/wp-json\/wp\/v2\/posts"}],"about":[{"href":"https:\/\/www.esteri.it\/it\/wp-json\/wp\/v2\/types\/post"}],"author":[{"embeddable":true,"href":"https:\/\/www.esteri.it\/it\/wp-json\/wp\/v2\/users\/1"}],"replies":[{"embeddable":true,"href":"https:\/\/www.esteri.it\/it\/wp-json\/wp\/v2\/comments?post=4532"}],"version-history":[{"count":0,"href":"https:\/\/www.esteri.it\/it\/wp-json\/wp\/v2\/posts\/4532\/revisions"}],"wp:attachment":[{"href":"https:\/\/www.esteri.it\/it\/wp-json\/wp\/v2\/media?parent=4532"}],"wp:term":[{"taxonomy":"category","embeddable":true,"href":"https:\/\/www.esteri.it\/it\/wp-json\/wp\/v2\/categories?post=4532"},{"taxonomy":"post_tag","embeddable":true,"href":"https:\/\/www.esteri.it\/it\/wp-json\/wp\/v2\/tags?post=4532"}],"curies":[{"name":"wp","href":"https:\/\/api.w.org\/{rel}","templated":true}]}}