{"id":4591,"date":"2017-02-09T15:28:20","date_gmt":"2017-02-09T14:28:20","guid":{"rendered":"https:\/\/www.esteri.it\/sala_stampa\/archivionotizie\/comunicati\/2017\/02\/il-sottosegretario-amendola-ha\/"},"modified":"2017-02-09T15:28:20","modified_gmt":"2017-02-09T14:28:20","slug":"il-sottosegretario-amendola-ha","status":"publish","type":"post","link":"https:\/\/www.esteri.it\/it\/sala_stampa\/archivionotizie\/comunicati\/2017\/02\/il-sottosegretario-amendola-ha\/","title":{"rendered":"Il Sottosegretario Amendola a Skopje alla riunione dei Ministri degli Esteri e dell&#8217;Energia dei Paesi dei Balcani Occidentali"},"content":{"rendered":"<p>Il Sottosegretario agli Esteri Vincenzo Amendola ha partecipato oggi a Skopje alla riunione dei Ministri degli Affari Esteri e dell&#8217;Energia dei Paesi dei Balcani Occidentali. La visita dell&#8217;esponente del Governo italiano \u00e8 stata programmata in vista del prossimo Vertice del Processo dei Balcani Occidentali &#8211; noto come Processo di Berlino &#8211; di cui l&#8217;Italia detiene la Presidenza, che si terr\u00e0 a Trieste il prossimo 12 luglio.<\/p>\n<p>Amendola \u00e8 intervenuto a due sessioni di lavoro a cui ha partecipato, oltre ai Ministri degli Affari Esteri e dell&#8217;Energia dei Paesi dei Balcani Occidentali, anche il Commissario europeo per la politica di vicinato e i negoziati per l&#8217;allargamento Johannes Hahn. Al termine dei lavori da parte dell&#8217;Unione Europea sono stati firmati due accordi su energia e infrastrutture alla presenza dei Ministri degli Esteri e dell&#8217;Energia dei Paesi dei Balcani Occidentali. Amendola ha inoltre partecipato con il Commissario Hahn alla conferenza stampa del Vice Primo Ministro e Ministro degli Affari Esteri Nikola Poposki e del Ministro dell&#8217;Economia Vladimir Peshevski.<\/p>\n<p>&#8220;Il nostro Paese crede fermamente nel Vertice dei Balcani Occidentali. Come ha detto il ministro Alfano &#8220;il vertice di Trieste \u00e8 una preziosissima occasione per dare nuovo slancio al processo di allargamento ai Balcani occidentali, essenziale per la prosperit\u00e0 e stabilit\u00e0 della regione, con immediati riflessi sulla stabilit\u00e0 e sicurezza del continente&#8221; ha sottolineato Amendola.<\/p>\n<p>&#8220;Rientro in Italia &#8211; ha proseguito il sottosegretario &#8211; con la conferma del forte impegno dei Paesi dei Balcani Occidentali nell&#8217;avanzamento del loro processo di integrazione. \u00c8 un buon indizio per il Vertice che l&#8217;Italia organizzer\u00e0 il 12 luglio. A Trieste avremo l&#8217;obiettivo di raggiungere risultati tangibili in termini di connettivit\u00e0, sviluppo economico, piccole e medie imprese, partecipazione dei giovani e della societ\u00e0 civile, cooperazione in chiave anti-corruzione&#8221;, ha dichiarato Amendola durante l&#8217;incontro con giornalisti.<\/p>\n<p>\u201cContinueremo a lavorare in stretta collaborazione con la Commissione Europea, portando avanti il dialogo con i Paesi dei Balcani Occidentali in preparazione del Vertice e per favorire un&#8217;integrazione sempre pi\u00f9 intensa e che oggi appare pi\u00f9 che mai necessaria&#8221;, ha aggiunto Amendola.<\/p>\n<p>Infine, in mattinata il Sottosegretario ha avuto due incontri bilaterali con il Vice Primo Ministro per gli Affari Europei Arbr Ademi e con il Vice Primo Ministro e Ministro degli Affari Esteri Nikola Poposki.<\/p>\n","protected":false},"excerpt":{"rendered":"Il Sottosegretario agli Esteri Vincenzo Amendola ha partecipato oggi a Skopje alla riunione dei Ministri degli Affari Esteri e dell&#8217;Energia dei Paesi dei Balcani Occidentali. La visita dell&#8217;esponente del Governo italiano \u00e8 stata programmata in vista del prossimo Vertice del Processo dei Balcani Occidentali &#8211; noto come Processo di Berlino &#8211; di cui l&#8217;Italia detiene [&hellip;]","protected":false},"author":1,"featured_media":0,"comment_status":"","ping_status":"","sticky":false,"template":"","format":"standard","meta":{"footnotes":""},"categories":[1],"tags":[399],"class_list":["post-4591","post","type-post","status-publish","format-standard","hentry","category-comunicati","tag-vice-ministri-e-sottosegretari-precedenti"],"_links":{"self":[{"href":"https:\/\/www.esteri.it\/it\/wp-json\/wp\/v2\/posts\/4591","targetHints":{"allow":["GET"]}}],"collection":[{"href":"https:\/\/www.esteri.it\/it\/wp-json\/wp\/v2\/posts"}],"about":[{"href":"https:\/\/www.esteri.it\/it\/wp-json\/wp\/v2\/types\/post"}],"author":[{"embeddable":true,"href":"https:\/\/www.esteri.it\/it\/wp-json\/wp\/v2\/users\/1"}],"replies":[{"embeddable":true,"href":"https:\/\/www.esteri.it\/it\/wp-json\/wp\/v2\/comments?post=4591"}],"version-history":[{"count":0,"href":"https:\/\/www.esteri.it\/it\/wp-json\/wp\/v2\/posts\/4591\/revisions"}],"wp:attachment":[{"href":"https:\/\/www.esteri.it\/it\/wp-json\/wp\/v2\/media?parent=4591"}],"wp:term":[{"taxonomy":"category","embeddable":true,"href":"https:\/\/www.esteri.it\/it\/wp-json\/wp\/v2\/categories?post=4591"},{"taxonomy":"post_tag","embeddable":true,"href":"https:\/\/www.esteri.it\/it\/wp-json\/wp\/v2\/tags?post=4591"}],"curies":[{"name":"wp","href":"https:\/\/api.w.org\/{rel}","templated":true}]}}