{"id":4825,"date":"2016-11-09T19:06:46","date_gmt":"2016-11-09T18:06:46","guid":{"rendered":"https:\/\/www.esteri.it\/sala_stampa\/archivionotizie\/comunicati\/2016\/11\/il-sottosegretario-amendola-in_0\/"},"modified":"2016-11-09T19:06:46","modified_gmt":"2016-11-09T18:06:46","slug":"il-sottosegretario-amendola-in_0","status":"publish","type":"post","link":"https:\/\/www.esteri.it\/it\/sala_stampa\/archivionotizie\/comunicati\/2016\/11\/il-sottosegretario-amendola-in_0\/","title":{"rendered":"Il Sottosegretario Amendola in Argentina. Incontri a Buenos Aires e Rosario"},"content":{"rendered":"<p>\u201cSiamo molto soddisfatti del forte rilancio impresso negli ultimi mesi al rapporto bilaterale\u201d. Cos\u00ec il Sottosegretario Vincenzo Amendola a conclusione dell\u2019incontro con il Sottosegretario di Stato per le Relazioni Estere argentino, Rodolfo Gustavo Zlauvinen. \u201cLa complementariet\u00e0 tra i nostri sistemi economici ed educativi deve essere il punto di partenza per elevare ulteriormente la qualit\u00e0 della nostra relazioni\u201d, ha proseguito Amendola, che ha rimarcato l\u2019importanza del recente rilancio della Commissione Mista italo-argentina, individuando nella collaborazione tra le imprese dei due Paesi, nella scienza e tecnologia, nella cultura e nell&#8217;educazione, \u00a0nella difesa, nella sicurezza e nella giustizia gli ambiti di prioritario interesse per approfondire la collaborazione bilaterale. I due esponenti di governo hanno passato in rassegna i principali temi regionali, auspicando un pi\u00f9 forte rapporto tra UE e Mercosur e impegnandosi ad esplorare nuove e pi\u00f9 strette forme di collaborazione in ambito multilaterale. Da parte argentina, in particolare, \u00e8 stato manifestato vivo interesse per la possibilit\u00e0 di stabilire con l&#8217;UE un&#8217;alleanza strategica bilaterale su esempio di quelle che l&#8217;UE ha gi\u00e0 con altri Paesi dell&#8217;area quali, Brasile, Messico e Cile.<\/p>\n<p>Il Sottosegretario Amendola ha quindi incontrato una rappresentanza dei membri del Gruppo Parlamentare di Amicizia Italia \u2013 Argentina. E\u2019 stata l\u2019occasione sottolineare l&#8217;importanza del dialogo interparlamentare per il rafforzamento dell&#8217;amicizia tra i due popoli \u00a0che, lungi dall\u2019essere circoscritta ai vertici istituzionali, si nutre di un profondo legame tra tutte le formazioni politiche dei due Paesi e costituisce un vero patrimonio condiviso: \u201cLe relazioni interparlamentari \u2013 ha ricordato Amendola \u2013 sono uno strumento indispensabile per rafforzare la dimensione del dialogo governativo\u201d.<\/p>\n<p>Amendola ha quindi lasciato la capitale argentina per trasferirsi a Rosario, dove sar\u00e0 prima ricevuto dal Vice Governatore della Provincia di Santa Fe, Carlos Fascendini, per poi incontrare presso la Camera di Commercio Italo &#8211; Argentina i rappresentanti della collettivit\u00e0 italiane nella provincia, oltre ad esponenti del mondo universitario e della cultura e giovani della nuova emigrazione.<\/p>\n<p>La tre giorni argentina del Sottosegretario si concluder\u00e0 domani con la tappa di Cordoba.<\/p>\n","protected":false},"excerpt":{"rendered":"\u201cSiamo molto soddisfatti del forte rilancio impresso negli ultimi mesi al rapporto bilaterale\u201d. Cos\u00ec il Sottosegretario Vincenzo Amendola a conclusione dell\u2019incontro con il Sottosegretario di Stato per le Relazioni Estere argentino, Rodolfo Gustavo Zlauvinen. \u201cLa complementariet\u00e0 tra i nostri sistemi economici ed educativi deve essere il punto di partenza per elevare ulteriormente la qualit\u00e0 della [&hellip;]","protected":false},"author":1,"featured_media":0,"comment_status":"","ping_status":"","sticky":false,"template":"","format":"standard","meta":{"footnotes":""},"categories":[1],"tags":[399],"class_list":["post-4825","post","type-post","status-publish","format-standard","hentry","category-comunicati","tag-vice-ministri-e-sottosegretari-precedenti"],"_links":{"self":[{"href":"https:\/\/www.esteri.it\/it\/wp-json\/wp\/v2\/posts\/4825","targetHints":{"allow":["GET"]}}],"collection":[{"href":"https:\/\/www.esteri.it\/it\/wp-json\/wp\/v2\/posts"}],"about":[{"href":"https:\/\/www.esteri.it\/it\/wp-json\/wp\/v2\/types\/post"}],"author":[{"embeddable":true,"href":"https:\/\/www.esteri.it\/it\/wp-json\/wp\/v2\/users\/1"}],"replies":[{"embeddable":true,"href":"https:\/\/www.esteri.it\/it\/wp-json\/wp\/v2\/comments?post=4825"}],"version-history":[{"count":0,"href":"https:\/\/www.esteri.it\/it\/wp-json\/wp\/v2\/posts\/4825\/revisions"}],"wp:attachment":[{"href":"https:\/\/www.esteri.it\/it\/wp-json\/wp\/v2\/media?parent=4825"}],"wp:term":[{"taxonomy":"category","embeddable":true,"href":"https:\/\/www.esteri.it\/it\/wp-json\/wp\/v2\/categories?post=4825"},{"taxonomy":"post_tag","embeddable":true,"href":"https:\/\/www.esteri.it\/it\/wp-json\/wp\/v2\/tags?post=4825"}],"curies":[{"name":"wp","href":"https:\/\/api.w.org\/{rel}","templated":true}]}}