{"id":4829,"date":"2016-11-08T20:41:49","date_gmt":"2016-11-08T19:41:49","guid":{"rendered":"https:\/\/www.esteri.it\/sala_stampa\/archivionotizie\/comunicati\/2016\/11\/missione-del-sottosegretario-agli_1\/"},"modified":"2016-11-08T20:41:49","modified_gmt":"2016-11-08T19:41:49","slug":"missione-del-sottosegretario-agli_1","status":"publish","type":"post","link":"https:\/\/www.esteri.it\/it\/sala_stampa\/archivionotizie\/comunicati\/2016\/11\/missione-del-sottosegretario-agli_1\/","title":{"rendered":"Missione del Sottosegretario agli Affari Esteri Vincenzo Amendola in America del Sud"},"content":{"rendered":"<p>Prosegue in Argentina, dopo la tappa in Brasile, la missione del Sottosegretario agli Affari Esteri Vincenzo Amendola in America del Sud.<\/p>\n<p>Oggi a Buenos Aires l\u2019esponente del Governo italiano visiter\u00e0 la scuola \u201cCristoforo Colombo\u201d e incontrer\u00e0 le associazioni della collettivit\u00e0 italiana. In serata discuter\u00e0 con diversi rappresentanti della comunit\u00e0 imprenditoriale italiana e i pi\u00f9 rilevanti attori del Sistema Italia.<\/p>\n<p>La visita nel Paese del Sud America sar\u00e0 dedicata agli incontri con le autorit\u00e0 argentine. Domani, infatti, Amendola avr\u00e0 un colloquio con il Sottosegretario di Stato per le Relazioni Estere, Rodolfo Gustavo Zlauvinen, con il quale far\u00e0 il punto sull\u2019intenso rilancio in atto nei rapporti bilaterali, in particolare nel settore economico-commerciale, in quello scientifico e della sicurezza. Altro tema al centro dell\u2019agenda uno scambio di vedute sui principali dossier regionali. Di seguito il Sottosegretario incontrer\u00e0 il Presidente del Senato Federico Pinedo, insieme ai membri del Gruppo Parlamentare di Amicizia Italia \u2013 Argentina.<\/p>\n<p>Sempre domani, in serata, il trasferimento a Rosario, capoluogo della Provincia di Santa Fe, dove Amendola avr\u00e0 un incontro con i rappresentanti della collettivit\u00e0 Italiana, del mondo universitario e della cultura. \u00a0\u00a0\u00a0\u00a0\u00a0\u00a0\u00a0\u00a0\u00a0\u00a0\u00a0\u00a0\u00a0<\/p>\n<p>La tre giorni argentina si concluder\u00e0 gioved\u00ec con un\u2019ultima tappa a Cordoba, dove il Sottosegretario Amendola incontrer\u00e0 esponenti della comunit\u00e0 imprenditoriale italiana, rappresentanti della collettivit\u00e0, delle federazioni, delle associazioni e i giovani della nuova emigrazione.\u00a0\u00a0\u00a0\u00a0\u00a0\u00a0\u00a0\u00a0\u00a0\u00a0\u00a0\u00a0\u00a0\u00a0\u00a0\u00a0\u00a0\u00a0\u00a0\u00a0\u00a0\u00a0\u00a0\u00a0\u00a0\u00a0\u00a0<\/p>\n","protected":false},"excerpt":{"rendered":"Prosegue in Argentina, dopo la tappa in Brasile, la missione del Sottosegretario agli Affari Esteri Vincenzo Amendola in America del Sud. Oggi a Buenos Aires l\u2019esponente del Governo italiano visiter\u00e0 la scuola \u201cCristoforo Colombo\u201d e incontrer\u00e0 le associazioni della collettivit\u00e0 italiana. In serata discuter\u00e0 con diversi rappresentanti della comunit\u00e0 imprenditoriale italiana e i pi\u00f9 rilevanti [&hellip;]","protected":false},"author":1,"featured_media":0,"comment_status":"","ping_status":"","sticky":false,"template":"","format":"standard","meta":{"footnotes":""},"categories":[1],"tags":[398,399],"class_list":["post-4829","post","type-post","status-publish","format-standard","hentry","category-comunicati","tag-america-latina-e-caraibi","tag-vice-ministri-e-sottosegretari-precedenti"],"_links":{"self":[{"href":"https:\/\/www.esteri.it\/it\/wp-json\/wp\/v2\/posts\/4829","targetHints":{"allow":["GET"]}}],"collection":[{"href":"https:\/\/www.esteri.it\/it\/wp-json\/wp\/v2\/posts"}],"about":[{"href":"https:\/\/www.esteri.it\/it\/wp-json\/wp\/v2\/types\/post"}],"author":[{"embeddable":true,"href":"https:\/\/www.esteri.it\/it\/wp-json\/wp\/v2\/users\/1"}],"replies":[{"embeddable":true,"href":"https:\/\/www.esteri.it\/it\/wp-json\/wp\/v2\/comments?post=4829"}],"version-history":[{"count":0,"href":"https:\/\/www.esteri.it\/it\/wp-json\/wp\/v2\/posts\/4829\/revisions"}],"wp:attachment":[{"href":"https:\/\/www.esteri.it\/it\/wp-json\/wp\/v2\/media?parent=4829"}],"wp:term":[{"taxonomy":"category","embeddable":true,"href":"https:\/\/www.esteri.it\/it\/wp-json\/wp\/v2\/categories?post=4829"},{"taxonomy":"post_tag","embeddable":true,"href":"https:\/\/www.esteri.it\/it\/wp-json\/wp\/v2\/tags?post=4829"}],"curies":[{"name":"wp","href":"https:\/\/api.w.org\/{rel}","templated":true}]}}