{"id":48551,"date":"2021-07-06T21:04:06","date_gmt":"2021-07-06T19:04:06","guid":{"rendered":"https:\/\/www.esteri.it\/sala_stampa\/archivionotizie\/comunicati\/2021\/07\/nota-farnesina-pakistan\/"},"modified":"2021-07-06T21:04:06","modified_gmt":"2021-07-06T19:04:06","slug":"nota-farnesina-pakistan","status":"publish","type":"post","link":"https:\/\/www.esteri.it\/it\/sala_stampa\/archivionotizie\/comunicati\/2021\/07\/nota-farnesina-pakistan\/","title":{"rendered":"NOTA FARNESINA \u2013 Pakistan"},"content":{"rendered":"<p>La scoperta in Pakistan di un ammanco di visti Schengen presso l\u2019Ambasciata d\u2019Italia ad Islamabad \u00e8 stata immediatamente segnalata dalla Sede stessa, in costante raccordo con la Farnesina, circa un mese fa agli apparati di sicurezza nazionali, alla magistratura italiana, ai partner Schengen e alle competenti Autorit\u00e0 pakistane. Sono stati dunque gi\u00e0 avviati controlli a tappeto sul possibile utilizzo di visti fraudolenti. La Farnesina ha inoltre gi\u00e0 attivato tutte le procedure di verifica volte a fare piena luce sulla vicenda.<\/p>\n","protected":false},"excerpt":{"rendered":"La scoperta in Pakistan di un ammanco di visti Schengen presso l\u2019Ambasciata d\u2019Italia ad Islamabad \u00e8 stata immediatamente segnalata dalla Sede stessa, in costante raccordo con la Farnesina, circa un mese fa agli apparati di sicurezza nazionali, alla magistratura italiana, ai partner Schengen e alle competenti Autorit\u00e0 pakistane. Sono stati dunque gi\u00e0 avviati controlli a [&hellip;]","protected":false},"author":1,"featured_media":0,"comment_status":"","ping_status":"","sticky":false,"template":"","format":"standard","meta":{"footnotes":""},"categories":[1],"tags":[45,25],"class_list":["post-48551","post","type-post","status-publish","format-standard","hentry","category-comunicati","tag-asia-e-oceania","tag-farnesina"],"_links":{"self":[{"href":"https:\/\/www.esteri.it\/it\/wp-json\/wp\/v2\/posts\/48551","targetHints":{"allow":["GET"]}}],"collection":[{"href":"https:\/\/www.esteri.it\/it\/wp-json\/wp\/v2\/posts"}],"about":[{"href":"https:\/\/www.esteri.it\/it\/wp-json\/wp\/v2\/types\/post"}],"author":[{"embeddable":true,"href":"https:\/\/www.esteri.it\/it\/wp-json\/wp\/v2\/users\/1"}],"replies":[{"embeddable":true,"href":"https:\/\/www.esteri.it\/it\/wp-json\/wp\/v2\/comments?post=48551"}],"version-history":[{"count":0,"href":"https:\/\/www.esteri.it\/it\/wp-json\/wp\/v2\/posts\/48551\/revisions"}],"wp:attachment":[{"href":"https:\/\/www.esteri.it\/it\/wp-json\/wp\/v2\/media?parent=48551"}],"wp:term":[{"taxonomy":"category","embeddable":true,"href":"https:\/\/www.esteri.it\/it\/wp-json\/wp\/v2\/categories?post=48551"},{"taxonomy":"post_tag","embeddable":true,"href":"https:\/\/www.esteri.it\/it\/wp-json\/wp\/v2\/tags?post=48551"}],"curies":[{"name":"wp","href":"https:\/\/api.w.org\/{rel}","templated":true}]}}