{"id":4889,"date":"2016-10-07T15:41:43","date_gmt":"2016-10-07T13:41:43","guid":{"rendered":"https:\/\/www.esteri.it\/sala_stampa\/archivionotizie\/comunicati\/2016\/10\/bangladesh-della-vedova-in-visita\/"},"modified":"2016-10-07T15:41:43","modified_gmt":"2016-10-07T13:41:43","slug":"bangladesh-della-vedova-in-visita","status":"publish","type":"post","link":"https:\/\/www.esteri.it\/it\/sala_stampa\/archivionotizie\/comunicati\/2016\/10\/bangladesh-della-vedova-in-visita\/","title":{"rendered":"Bangladesh: Della Vedova in visita a 100 giorni dall&#8217;attentato di Dacca"},"content":{"rendered":"<p>A 100 giorni dal terribile attentato che il primo luglio scorso \u00e8 costato la vita a 20 persone prese in ostaggio dai terroristi, tra cui 9 italiani, il Sottosegretario di Stato agli Affari Esteri e alla Cooperazione Internazionale, Benedetto Della Vedova, sar\u00e0 a Dacca, in Bangladesh, il 12 e 13 ottobre prossimi, dove incontrer\u00e0 la comunit\u00e0 italiana residente e si recher\u00e0 sul luogo dell&#8217;eccidio per un omaggio alle vittime.<\/p>\n<p>Sempre nella Capitale, il Senatore Della Vedova avr\u00e0 incontri con alcuni membri del Governo del Bangladesh, tra i quali il Ministro degli Affari Esteri Abul Hassan Mahmood Ali, per affrontare temi di interesse bilaterale, quali la lotta al terrorismo, le opportunit\u00e0 di cooperazione economica e i fenomeni migratori.<\/p>\n","protected":false},"excerpt":{"rendered":"A 100 giorni dal terribile attentato che il primo luglio scorso \u00e8 costato la vita a 20 persone prese in ostaggio dai terroristi, tra cui 9 italiani, il Sottosegretario di Stato agli Affari Esteri e alla Cooperazione Internazionale, Benedetto Della Vedova, sar\u00e0 a Dacca, in Bangladesh, il 12 e 13 ottobre prossimi, dove incontrer\u00e0 la [&hellip;]","protected":false},"author":1,"featured_media":0,"comment_status":"","ping_status":"","sticky":false,"template":"","format":"standard","meta":{"footnotes":""},"categories":[1],"tags":[45,399],"class_list":["post-4889","post","type-post","status-publish","format-standard","hentry","category-comunicati","tag-asia-e-oceania","tag-vice-ministri-e-sottosegretari-precedenti"],"_links":{"self":[{"href":"https:\/\/www.esteri.it\/it\/wp-json\/wp\/v2\/posts\/4889","targetHints":{"allow":["GET"]}}],"collection":[{"href":"https:\/\/www.esteri.it\/it\/wp-json\/wp\/v2\/posts"}],"about":[{"href":"https:\/\/www.esteri.it\/it\/wp-json\/wp\/v2\/types\/post"}],"author":[{"embeddable":true,"href":"https:\/\/www.esteri.it\/it\/wp-json\/wp\/v2\/users\/1"}],"replies":[{"embeddable":true,"href":"https:\/\/www.esteri.it\/it\/wp-json\/wp\/v2\/comments?post=4889"}],"version-history":[{"count":0,"href":"https:\/\/www.esteri.it\/it\/wp-json\/wp\/v2\/posts\/4889\/revisions"}],"wp:attachment":[{"href":"https:\/\/www.esteri.it\/it\/wp-json\/wp\/v2\/media?parent=4889"}],"wp:term":[{"taxonomy":"category","embeddable":true,"href":"https:\/\/www.esteri.it\/it\/wp-json\/wp\/v2\/categories?post=4889"},{"taxonomy":"post_tag","embeddable":true,"href":"https:\/\/www.esteri.it\/it\/wp-json\/wp\/v2\/tags?post=4889"}],"curies":[{"name":"wp","href":"https:\/\/api.w.org\/{rel}","templated":true}]}}