{"id":48979,"date":"2021-05-21T20:21:50","date_gmt":"2021-05-21T18:21:50","guid":{"rendered":"https:\/\/www.esteri.it\/sala_stampa\/archivionotizie\/comunicati\/2021\/05\/farnesinaxleimprese-ambasciatore-sacco-croazia-contea-di-spalato-e-della-dalmazia-rilevante-per-potenziale-economico-cultura-affinita-con-l-italia-e-opportunita-imprenditoriali\/"},"modified":"2021-05-21T20:21:50","modified_gmt":"2021-05-21T18:21:50","slug":"farnesinaxleimprese-ambasciatore-sacco-croazia-contea-di-spalato-e-della-dalmazia-rilevante-per-potenziale-economico-cultura-affinita-con-l-italia-e-opportunita-imprenditoriali","status":"publish","type":"post","link":"https:\/\/www.esteri.it\/it\/sala_stampa\/archivionotizie\/approfondimenti\/2021\/05\/farnesinaxleimprese-ambasciatore-sacco-croazia-contea-di-spalato-e-della-dalmazia-rilevante-per-potenziale-economico-cultura-affinita-con-l-italia-e-opportunita-imprenditoriali\/","title":{"rendered":"#FARNESINAXLEIMPRESE &#8211; Ambasciatore Sacco: \u201cCroazia, Contea di Spalato e della Dalmazia rilevante per potenziale economico, cultura, affinit\u00e0 con l\u2019Italia e opportunit\u00e0 imprenditoriali\u201d"},"content":{"rendered":"<p>Posizione strategica tra Adriatico e Balcani, moderne infrastrutture, decine di zone di investimento e porti turistici, ma anche possibilit\u00e0 di sviluppo di agroalimentare e energie rinnovabili. La Contea di Spalato e della Dalmazia, in Croazia, \u00e8 una zona ricca di opportunit\u00e0 imprenditoriali.<\/p>\n<p>Voce: Pierfrancesco Sacco, Ambasciatore d\u2019Italia in Croazia<\/p>\n<p><a href=\"https:\/\/www.spreaker.com\/episode\/44946746\">Vai alla puntata<\/a>\u00a0sul nostro canale Spreaker.<\/p>\n<p><img loading=\"lazy\" decoding=\"async\" src=\"https:\/\/www.esteri.it\/mae\/resource\/img\/2020\/11\/News_Farnesina_per_le_Imprese.jpg\" width=\"500\" height=\"281\" alt=\"News Farnesina per le Imprese\" style=\"display: block; margin-left: auto; margin-right: auto;\" \/><\/p>\n","protected":false},"excerpt":{"rendered":"Posizione strategica tra Adriatico e Balcani, moderne infrastrutture, decine di zone di investimento e porti turistici, ma anche possibilit\u00e0 di sviluppo di agroalimentare e energie rinnovabili. La Contea di Spalato e della Dalmazia, in Croazia, \u00e8 una zona ricca di opportunit\u00e0 imprenditoriali. Voce: Pierfrancesco Sacco, Ambasciatore d\u2019Italia in Croazia Vai alla puntata\u00a0sul nostro canale Spreaker.","protected":false},"author":1,"featured_media":0,"comment_status":"","ping_status":"","sticky":false,"template":"","format":"standard","meta":{"footnotes":""},"categories":[2],"tags":[3,9,58],"class_list":["post-48979","post","type-post","status-publish","format-standard","hentry","category-approfondimenti","tag-diplomazia-economica","tag-europa","tag-promozione-integrata"],"_links":{"self":[{"href":"https:\/\/www.esteri.it\/it\/wp-json\/wp\/v2\/posts\/48979","targetHints":{"allow":["GET"]}}],"collection":[{"href":"https:\/\/www.esteri.it\/it\/wp-json\/wp\/v2\/posts"}],"about":[{"href":"https:\/\/www.esteri.it\/it\/wp-json\/wp\/v2\/types\/post"}],"author":[{"embeddable":true,"href":"https:\/\/www.esteri.it\/it\/wp-json\/wp\/v2\/users\/1"}],"replies":[{"embeddable":true,"href":"https:\/\/www.esteri.it\/it\/wp-json\/wp\/v2\/comments?post=48979"}],"version-history":[{"count":0,"href":"https:\/\/www.esteri.it\/it\/wp-json\/wp\/v2\/posts\/48979\/revisions"}],"wp:attachment":[{"href":"https:\/\/www.esteri.it\/it\/wp-json\/wp\/v2\/media?parent=48979"}],"wp:term":[{"taxonomy":"category","embeddable":true,"href":"https:\/\/www.esteri.it\/it\/wp-json\/wp\/v2\/categories?post=48979"},{"taxonomy":"post_tag","embeddable":true,"href":"https:\/\/www.esteri.it\/it\/wp-json\/wp\/v2\/tags?post=48979"}],"curies":[{"name":"wp","href":"https:\/\/api.w.org\/{rel}","templated":true}]}}