{"id":49238,"date":"2020-12-21T16:42:25","date_gmt":"2020-12-21T15:42:25","guid":{"rendered":"https:\/\/www.esteri.it\/sala_stampa\/archivionotizie\/comunicati\/2020\/12\/diplomazia-economica-italiana-21-dicembre-ultime-news-dal-mondo_0\/"},"modified":"2020-12-21T16:42:25","modified_gmt":"2020-12-21T15:42:25","slug":"diplomazia-economica-italiana-21-dicembre-ultime-news-dal-mondo_0","status":"publish","type":"post","link":"https:\/\/www.esteri.it\/it\/sala_stampa\/archivionotizie\/approfondimenti\/2020\/12\/diplomazia-economica-italiana-21-dicembre-ultime-news-dal-mondo_0\/","title":{"rendered":"Diplomazia Economica Italiana 21 dicembre: ultime news dal mondo"},"content":{"rendered":"<p>NORVEGIA &#8211; \u00a0VARD SI AGGIUDICA UN CONTRATTO PER LA COSTRUZIONE DI UNA NAVE PER LA POSA DI CAVI SOTTOMARINI<\/p>\n<p>La societ\u00e0 di cantieristica navale VARD, controllata dalla Fincantieri, si \u00e8 aggiudicata un contratto per la costruzione di una unit\u00e0 navale di posa di cavi sottomarini per conto della societ\u00e0 olandese Van Oord.<\/p>\n<p>Il contratto prevede la consegna, entro il 2023, di una nave di nuova generazione in grado di utilizzare le pi\u00f9 recenti tecnologie di sostenibilit\u00e0 ambientale ai fini della minimizzazione del footprint inquinante e della conseguente drastica riduzione delle emissioni di CO2, NOx (ossidi e biossidi di azoto) eSOx (ossidi di zolfo).<\/p>\n<p>La nave avr\u00e0 dimensioni di 130 metri di lunghezza per 28 metri di larghezza &#8211; e batter\u00e0 bandiera olandese.<\/p>\n<p>Essa verr\u00e0 utilizzata prevalentemente per il trasporto, la posa e la messa in opera di cavi sottomarini necessari alla costruzione ed all&#8217;operativit\u00e0 di impianti eolici off-shore, anche in considerazione dei rilevanti interessi acquisiti in tale comparto dalla committente Van Oord divenuta nello scorso ottobre azionista della societ\u00e0 Saare Wind Energy.<\/p>\n<p>Particolarmente evoluto anche il sistema operativo dell&#8217;unit\u00e0 navale che avr\u00e0 caratteristiche innovative grazie all&#8217;aumentata capacit\u00e0 di trasporto dei cavi (fino a 8.000 tonnellate) ed alla presenza di due postazioni per il deposito dei cavi (tecnicamente definiti &#8220;cable carousel&#8221;). La nave sar\u00e0 inoltre capace di installare direttamente cavi ad alto voltaggio e di predisporre da bordo i solchi ove vengono posti i tubi adibiti a contenere cavi elettrici.<\/p>\n","protected":false},"excerpt":{"rendered":"NORVEGIA &#8211; \u00a0VARD SI AGGIUDICA UN CONTRATTO PER LA COSTRUZIONE DI UNA NAVE PER LA POSA DI CAVI SOTTOMARINI La societ\u00e0 di cantieristica navale VARD, controllata dalla Fincantieri, si \u00e8 aggiudicata un contratto per la costruzione di una unit\u00e0 navale di posa di cavi sottomarini per conto della societ\u00e0 olandese Van Oord. Il contratto prevede [&hellip;]","protected":false},"author":1,"featured_media":0,"comment_status":"","ping_status":"","sticky":false,"template":"","format":"standard","meta":{"footnotes":""},"categories":[2],"tags":[3,9],"class_list":["post-49238","post","type-post","status-publish","format-standard","hentry","category-approfondimenti","tag-diplomazia-economica","tag-europa"],"_links":{"self":[{"href":"https:\/\/www.esteri.it\/it\/wp-json\/wp\/v2\/posts\/49238","targetHints":{"allow":["GET"]}}],"collection":[{"href":"https:\/\/www.esteri.it\/it\/wp-json\/wp\/v2\/posts"}],"about":[{"href":"https:\/\/www.esteri.it\/it\/wp-json\/wp\/v2\/types\/post"}],"author":[{"embeddable":true,"href":"https:\/\/www.esteri.it\/it\/wp-json\/wp\/v2\/users\/1"}],"replies":[{"embeddable":true,"href":"https:\/\/www.esteri.it\/it\/wp-json\/wp\/v2\/comments?post=49238"}],"version-history":[{"count":0,"href":"https:\/\/www.esteri.it\/it\/wp-json\/wp\/v2\/posts\/49238\/revisions"}],"wp:attachment":[{"href":"https:\/\/www.esteri.it\/it\/wp-json\/wp\/v2\/media?parent=49238"}],"wp:term":[{"taxonomy":"category","embeddable":true,"href":"https:\/\/www.esteri.it\/it\/wp-json\/wp\/v2\/categories?post=49238"},{"taxonomy":"post_tag","embeddable":true,"href":"https:\/\/www.esteri.it\/it\/wp-json\/wp\/v2\/tags?post=49238"}],"curies":[{"name":"wp","href":"https:\/\/api.w.org\/{rel}","templated":true}]}}