{"id":49385,"date":"2020-10-07T19:53:32","date_gmt":"2020-10-07T17:53:32","guid":{"rendered":"https:\/\/www.esteri.it\/sala_stampa\/archivionotizie\/comunicati\/2020\/10\/incontro-tra-il-ministro-di-maio-e-l-omologo-del-regno-del-marocco-nasser-bourita\/"},"modified":"2020-10-07T19:53:32","modified_gmt":"2020-10-07T17:53:32","slug":"incontro-tra-il-ministro-di-maio-e-l-omologo-del-regno-del-marocco-nasser-bourita","status":"publish","type":"post","link":"https:\/\/www.esteri.it\/it\/sala_stampa\/archivionotizie\/approfondimenti\/2020\/10\/incontro-tra-il-ministro-di-maio-e-l-omologo-del-regno-del-marocco-nasser-bourita\/","title":{"rendered":"Incontro tra il Ministro Di Maio e l&#8217;omologo del Regno del Marocco, Nasser Bourita"},"content":{"rendered":"<p>Il Ministro degli Affari Esteri e della Cooperazione Internazionale,\u00a0Luigi Di Maio,\u00a0ha incontrato alla Farnesina il Ministro degli Affari Esteri del Regno del Marocco, Nasser Bourita. I due Ministri hanno discusso di temi regionali, in particolare Libia e il dialogo inter-libico di Bouznika, e di cooperazione internazionale. Sul piano bilaterale, i due Ministri hanno passato in rassegna le principali aree di collaborazione e si sono soffermati in particolare sui rapporti economico-commerciali.\u00a0<\/p>\n<p>\u00a0<\/p>\n<p><img loading=\"lazy\" decoding=\"async\" style=\"display: block; margin-left: auto; margin-right: auto;\" src=\"https:\/\/www.esteri.it\/mae\/resource\/img\/2020\/10\/incontro-di-maio-bourita-01.jpg\" alt=\"incontro-di-maio-bourita-01\" width=\"600\" height=\"400\" \/><\/p>\n<p>\u00a0<\/p>\n<p>1. Su invito del Ministro italiano degli Esteri e della Cooperazione internazionale Luigi Di Maio, il Ministro degli Esteri, della Cooperazione africana e dei marocchini residenti all\u2019estero, Nasser Bourita, ha effettuato una visita ufficiale a Roma il 7 ottobre 2020.<\/p>\n<p>2. I due Ministri hanno riaffermato non solo la qualit\u00e0 dei profondi legami di amicizia e di rispetto reciproco che uniscono il Marocco e l\u2019Italia, ma anche la dinamica positiva delle relazioni bilaterali tra i due paesi.<\/p>\n<p>3. Il Ministro italiano si \u00e8 congratulato per la rotta stabilita da Sua Maest\u00e0 Il Re, Mohammed VI, in una dinamica di progresso e modernit\u00e0, attraverso il concetto di un modello di sviluppo adattato e rinnovato e la promozione di una rinegoziazione avanzata.<\/p>\n<p>4. I due Ministri si sono compiaciuti della prospettiva del Partenariato Strategico Multidimensionale tra il Marocco e l\u2019Italia e hanno stabilito, in tal senso, di attuare dei meccanismi di dialogo e di cooperazione adattati, nello specifico un Consiglio di partenariato a livello ministeriale e dei Comitati di cooperazione su questioni prioritarie.<\/p>\n<p>5. In questa occasione, i due Ministri si sono trovati d\u2019accordo relativamente a vedute e diagnosi di diverse tematiche regionali e internazionali di interesse comune.<\/p>\n<p>6. Le parti hanno sottolineato la necessit\u00e0 di lavorare insieme a livello regionale e internazionale per aiutare i Libici a trovare un accordo politico duraturo. In questo senso, hanno accolto le iniziative internazionali condotte nel quadro del processo delle Nazioni Unite, in particolare le riunioni che si sono tenute a Bouznika in Marocco nei mesi di settembre e ottobre 2020, a testimonianza del ruolo costruttivo che svolge il Marocco nel tentare di risolvere questa crisi.<\/p>\n<p>7. Riguardo alla questione del Sahara occidentale, l\u2019Italia riafferma la sua posizione come gi\u00e0 espresso nel documento del Partenariato Strategico Multidimensionale firmato a Rabat il 1\u00b0 novembre 2019.<\/p>\n<p>8. Le parti hanno confermato il loro impegno nel voler approfondire la collaborazione economica e commerciale fra i due paesi, strumento di crescita per il benessere e le relazioni d\u2019amicizia tra i due stati. In tal senso, hanno confermato l\u2019intenzione di organizzare quanto prima un business forum per facilitare i contatti e gli accordi tra le imprese e le istituzioni economiche dei due paesi.<\/p>\n<p>9. I Ministri dei due paesi hanno riscontrato, con apprezzamento reciproco, i contributi importanti delle comunit\u00e0 dei due Paesi in termini di apporto economico, culturale e umano, e in qualit\u00e0 di agenti della cooperazione italo-marocchina e fattore di avvicinamento tra i due paesi.<\/p>\n<p>10. I due Ministri si sono felicitati per il supporto dell\u2019Italia al processo di attuazione dello statuto avanzato di cui gioisce il Marocco nelle sue relazioni con l\u2019Unione Europea unitamente al monitoraggio del piano d\u2019azione Marocco-UE. Hanno convenuto di continuare a operare per rafforzare il partenariato privilegiato tra il Marocco e l\u2019UE nel quadro di una visione strategica ambiziosa.<\/p>\n<p>11. I due Ministri hanno riaffermato l\u2019opportunit\u00e0 che gli accordi firmati riguardanti la cooperazione giudiziaria e la riammissione di persone in situazioni irregolari entri presto in vigore, consapevoli dell\u2019importanza che rivestono questi strumenti per una cooperazione bilaterale pi\u00f9 vasta e pi\u00f9 efficace in ambito di giustizia e sicurezza. Si sono felicitati, in questo senso, della conclusione della Convenzione di aiuto reciproco in materia di giustizia penale, la cui firma arriver\u00e0 a breve.\u00a0<\/p>\n<p>12. I due Ministri si sono accordati sull\u2019importanza strategica dell\u2019Africa e reiterano il loro impegno rispettivo in favore di un\u2019azione di sviluppo sostenibile e pluridimensionale.<\/p>\n<p>\u00a0<\/p>\n","protected":false},"excerpt":{"rendered":"Il Ministro degli Affari Esteri e della Cooperazione Internazionale,\u00a0Luigi Di Maio,\u00a0ha incontrato alla Farnesina il Ministro degli Affari Esteri del Regno del Marocco, Nasser Bourita. I due Ministri hanno discusso di temi regionali, in particolare Libia e il dialogo inter-libico di Bouznika, e di cooperazione internazionale. Sul piano bilaterale, i due Ministri hanno passato in [&hellip;]","protected":false},"author":1,"featured_media":0,"comment_status":"","ping_status":"","sticky":false,"template":"","format":"standard","meta":{"footnotes":""},"categories":[2],"tags":[6,76],"class_list":["post-49385","post","type-post","status-publish","format-standard","hentry","category-approfondimenti","tag-mediterraneo-e-medio-oriente","tag-ministri-precedenti"],"_links":{"self":[{"href":"https:\/\/www.esteri.it\/it\/wp-json\/wp\/v2\/posts\/49385","targetHints":{"allow":["GET"]}}],"collection":[{"href":"https:\/\/www.esteri.it\/it\/wp-json\/wp\/v2\/posts"}],"about":[{"href":"https:\/\/www.esteri.it\/it\/wp-json\/wp\/v2\/types\/post"}],"author":[{"embeddable":true,"href":"https:\/\/www.esteri.it\/it\/wp-json\/wp\/v2\/users\/1"}],"replies":[{"embeddable":true,"href":"https:\/\/www.esteri.it\/it\/wp-json\/wp\/v2\/comments?post=49385"}],"version-history":[{"count":0,"href":"https:\/\/www.esteri.it\/it\/wp-json\/wp\/v2\/posts\/49385\/revisions"}],"wp:attachment":[{"href":"https:\/\/www.esteri.it\/it\/wp-json\/wp\/v2\/media?parent=49385"}],"wp:term":[{"taxonomy":"category","embeddable":true,"href":"https:\/\/www.esteri.it\/it\/wp-json\/wp\/v2\/categories?post=49385"},{"taxonomy":"post_tag","embeddable":true,"href":"https:\/\/www.esteri.it\/it\/wp-json\/wp\/v2\/tags?post=49385"}],"curies":[{"name":"wp","href":"https:\/\/api.w.org\/{rel}","templated":true}]}}