{"id":49389,"date":"2020-10-02T10:12:11","date_gmt":"2020-10-02T08:12:11","guid":{"rendered":"https:\/\/www.esteri.it\/sala_stampa\/archivionotizie\/comunicati\/2020\/10\/incontro-del-ministro-di-maio-con-il-ministro-degli-affari-esteri-turco-mevluet-cavusoglu\/"},"modified":"2020-10-02T10:12:11","modified_gmt":"2020-10-02T08:12:11","slug":"incontro-del-ministro-di-maio-con-il-ministro-degli-affari-esteri-turco-mevluet-cavusoglu","status":"publish","type":"post","link":"https:\/\/www.esteri.it\/it\/sala_stampa\/archivionotizie\/approfondimenti\/2020\/10\/incontro-del-ministro-di-maio-con-il-ministro-degli-affari-esteri-turco-mevluet-cavusoglu\/","title":{"rendered":"Incontro del Ministro Di Maio con il Ministro degli Affari Esteri turco, Mevl\u00fct \u00c7avu\u015fo\u011flu"},"content":{"rendered":"<p>Il Ministro degli Affari Esteri e della Cooperazione Internazionale,<strong>\u00a0<\/strong>Luigi Di Maio, incontrer\u00e0 alla Farnesina il Ministro degli Affari Esteri turco,\u00a0Mevl\u00fct \u00c7avu\u015fo\u011flu.<\/p>\n<p>Al termine dell\u2019incontro, i due Ministri terranno un\u00a0punto stampa congiunto.<\/p>\n<p>\u00a0<\/p>\n<p><a href=\"https:\/\/www.facebook.com\/ItalyMFA.it\/videos\/699513147313318\/\"><em>Segui la diretta su Facebook della Farnesina >><\/em><\/a><\/p>\n","protected":false},"excerpt":{"rendered":"Il Ministro degli Affari Esteri e della Cooperazione Internazionale,\u00a0Luigi Di Maio, incontrer\u00e0 alla Farnesina il Ministro degli Affari Esteri turco,\u00a0Mevl\u00fct \u00c7avu\u015fo\u011flu. Al termine dell\u2019incontro, i due Ministri terranno un\u00a0punto stampa congiunto. \u00a0 Segui la diretta su Facebook della Farnesina >>","protected":false},"author":1,"featured_media":0,"comment_status":"","ping_status":"","sticky":false,"template":"","format":"standard","meta":{"footnotes":""},"categories":[2],"tags":[6,76],"class_list":["post-49389","post","type-post","status-publish","format-standard","hentry","category-approfondimenti","tag-mediterraneo-e-medio-oriente","tag-ministri-precedenti"],"_links":{"self":[{"href":"https:\/\/www.esteri.it\/it\/wp-json\/wp\/v2\/posts\/49389","targetHints":{"allow":["GET"]}}],"collection":[{"href":"https:\/\/www.esteri.it\/it\/wp-json\/wp\/v2\/posts"}],"about":[{"href":"https:\/\/www.esteri.it\/it\/wp-json\/wp\/v2\/types\/post"}],"author":[{"embeddable":true,"href":"https:\/\/www.esteri.it\/it\/wp-json\/wp\/v2\/users\/1"}],"replies":[{"embeddable":true,"href":"https:\/\/www.esteri.it\/it\/wp-json\/wp\/v2\/comments?post=49389"}],"version-history":[{"count":0,"href":"https:\/\/www.esteri.it\/it\/wp-json\/wp\/v2\/posts\/49389\/revisions"}],"wp:attachment":[{"href":"https:\/\/www.esteri.it\/it\/wp-json\/wp\/v2\/media?parent=49389"}],"wp:term":[{"taxonomy":"category","embeddable":true,"href":"https:\/\/www.esteri.it\/it\/wp-json\/wp\/v2\/categories?post=49389"},{"taxonomy":"post_tag","embeddable":true,"href":"https:\/\/www.esteri.it\/it\/wp-json\/wp\/v2\/tags?post=49389"}],"curies":[{"name":"wp","href":"https:\/\/api.w.org\/{rel}","templated":true}]}}