{"id":49407,"date":"2020-09-21T14:30:59","date_gmt":"2020-09-21T12:30:59","guid":{"rendered":"https:\/\/www.esteri.it\/sala_stampa\/archivionotizie\/comunicati\/2020\/09\/svezia-video-promozione-delle-eccellenze-piemontesi\/"},"modified":"2020-09-21T14:30:59","modified_gmt":"2020-09-21T12:30:59","slug":"svezia-video-promozione-delle-eccellenze-piemontesi","status":"publish","type":"post","link":"https:\/\/www.esteri.it\/it\/sala_stampa\/archivionotizie\/approfondimenti\/2020\/09\/svezia-video-promozione-delle-eccellenze-piemontesi\/","title":{"rendered":"Svezia, Video-promozione delle eccellenze piemontesi"},"content":{"rendered":"<p>Nell\u00b4ambito dell\u00b4attivit\u00e1 di comunicazione di supporto al Made in Italy nel settore enogastronomico, l\u00b4Ufficio ICE di Stoccolma in collaborazione con l\u2019Ambasciata d\u2019Italia ha realizzato tramite un noto \u201csocial influencer\u201d che promuove la cucina italiana in Svezia, &#8220;Il\u00a0Podino&#8221;, un video destinato a rafforzare la conoscenza delle eccellenze agroalimentari della Regione in Svezia. Il video ha visto altres\u00ec il contributo\u00a0di un noto marchio alimentare piemontese ed il sostegno delle altre istituzioni italiane sul territorio.<\/p>\n<p>Il prodotto audiovisivo di intrattenimento, oltre a mostrare aspetti tipici della vita quotidiana torinese, illustra la preparazione di un piatto tipico ed informa il consumatore sulla genuinit\u00e0 e tracciabilit\u00e0 dei prodotti gastronomici locali. Si fanno anche cenni a realt\u00e1 industriali consolidate come la Fiat, motore dell&#8217;economia italiana per lungo tempo e ben nota al pubblico svedese.<\/p>\n<p>L\u2019Ambasciatore a Stoccolma, Mario Cospito, nel presentare l\u2019iniziativa ha dichiarato che \u201cl\u2019Ambasciata e l\u2019Ufficio ICE\u201d intendono realizzare altri video promozionali su realt\u00e0 regionali italiane, in modo da rafforzare la percezione degli utenti svedesi di una ripartenza del nostro Paese anche attraverso la valorizzazione di nuove realt\u00e0 imprenditoriali e di territori ancora poco conosciuti al vasto pubblico svedese\u201d.<\/p>\n<p>\u00a0<\/p>\n<p>\u00a0 \u00a0 \u00a0 \u00a0 \u00a0 \u00a0 \u00a0 \u00a0 \u00a0 \u00a0 \u00a0 \u00a0 \u00a0 \u00a0 \u00a0 \u00a0 \u00a0 \u00a0 \u00a0 \u00a0 \u00a0 \u00a0 \u00a0 \u00a0\u00a0<iframe loading=\"lazy\" width=\"560\" height=\"315\" src=\"https:\/\/www.youtube-nocookie.com\/embed\/Df-LSs-iFQo\" seamless=\"seamless\" allow=\"accelerometer; autoplay; clipboard-write; encrypted-media; gyroscope; picture-in-picture\" allowfullscreen=\"allowfullscreen\" style=\"display: block; margin-left: auto; margin-right: auto;\"><\/iframe><\/p>\n","protected":false},"excerpt":{"rendered":"Nell\u00b4ambito dell\u00b4attivit\u00e1 di comunicazione di supporto al Made in Italy nel settore enogastronomico, l\u00b4Ufficio ICE di Stoccolma in collaborazione con l\u2019Ambasciata d\u2019Italia ha realizzato tramite un noto \u201csocial influencer\u201d che promuove la cucina italiana in Svezia, &#8220;Il\u00a0Podino&#8221;, un video destinato a rafforzare la conoscenza delle eccellenze agroalimentari della Regione in Svezia. Il video ha visto [&hellip;]","protected":false},"author":1,"featured_media":0,"comment_status":"","ping_status":"","sticky":false,"template":"","format":"standard","meta":{"footnotes":""},"categories":[2],"tags":[32,3,9],"class_list":["post-49407","post","type-post","status-publish","format-standard","hentry","category-approfondimenti","tag-diplomazia-culturale","tag-diplomazia-economica","tag-europa"],"_links":{"self":[{"href":"https:\/\/www.esteri.it\/it\/wp-json\/wp\/v2\/posts\/49407","targetHints":{"allow":["GET"]}}],"collection":[{"href":"https:\/\/www.esteri.it\/it\/wp-json\/wp\/v2\/posts"}],"about":[{"href":"https:\/\/www.esteri.it\/it\/wp-json\/wp\/v2\/types\/post"}],"author":[{"embeddable":true,"href":"https:\/\/www.esteri.it\/it\/wp-json\/wp\/v2\/users\/1"}],"replies":[{"embeddable":true,"href":"https:\/\/www.esteri.it\/it\/wp-json\/wp\/v2\/comments?post=49407"}],"version-history":[{"count":0,"href":"https:\/\/www.esteri.it\/it\/wp-json\/wp\/v2\/posts\/49407\/revisions"}],"wp:attachment":[{"href":"https:\/\/www.esteri.it\/it\/wp-json\/wp\/v2\/media?parent=49407"}],"wp:term":[{"taxonomy":"category","embeddable":true,"href":"https:\/\/www.esteri.it\/it\/wp-json\/wp\/v2\/categories?post=49407"},{"taxonomy":"post_tag","embeddable":true,"href":"https:\/\/www.esteri.it\/it\/wp-json\/wp\/v2\/tags?post=49407"}],"curies":[{"name":"wp","href":"https:\/\/api.w.org\/{rel}","templated":true}]}}