{"id":49452,"date":"2020-08-14T15:32:50","date_gmt":"2020-08-14T13:32:50","guid":{"rendered":"https:\/\/www.esteri.it\/sala_stampa\/archivionotizie\/comunicati\/2020\/08\/diplomazia-economica-italiana-14-agosto-ultime-news-dal-mondo_0\/"},"modified":"2020-08-14T15:32:50","modified_gmt":"2020-08-14T13:32:50","slug":"diplomazia-economica-italiana-14-agosto-ultime-news-dal-mondo_0","status":"publish","type":"post","link":"https:\/\/www.esteri.it\/it\/sala_stampa\/archivionotizie\/approfondimenti\/2020\/08\/diplomazia-economica-italiana-14-agosto-ultime-news-dal-mondo_0\/","title":{"rendered":"Diplomazia Economica Italiana 14 agosto: ultime news dal mondo"},"content":{"rendered":"<p>BRASILE \u2013 TERNA, SIGLATO IL CLOSING PER L\u2019ACQUISIZIONE DI UNA NUOVA LINEA ELETTRICA<\/p>\n<p>Terna, tramite la controllata Terna Plus, la societ\u00e0 del Gruppo responsabile dello sviluppo delle attivit\u00e0 internazionali, ha perfezionato il closing con Costrutora Quebec, societ\u00e0 di costruzione nel settore energetico attiva in Brasile, per l\u2019acquisizione della linea elettrica Linha Verde I, seconda delle due concessioni acquisite da Terna nel Paese sudamericano e annunciate al mercato nell\u2019aprile 2019.<\/p>\n<p>Nello specifico, con questa operazione, la controllata Terna Plus acquisisce la quota di controllo della societa&#8217; oggetto della transazione, titolare della concessione per la realizzazione della linea elettrica a 500 kV &#8220;Governador Valadares-Mutum&#8221;, lunga circa 150 km, situata nello Stato del Minas Gerais, nel Brasile centrorientale. Secondo quanto riportato da Terna, la nuova infrastruttura consentira&#8217; di incrementare l&#8217;efficienza, la sicurezza e la sostenibilita&#8217; della rete elettrica brasiliana e sfruttare maggiormente il potenziale della produzione da fonti rinnovabili.<br \/>Il valore dell&#8217;operazione, che comprende i costi di sviluppo e di realizzazione delle opere, e&#8217; di circa USD 50 milioni.<\/p>\n","protected":false},"excerpt":{"rendered":"BRASILE \u2013 TERNA, SIGLATO IL CLOSING PER L\u2019ACQUISIZIONE DI UNA NUOVA LINEA ELETTRICA Terna, tramite la controllata Terna Plus, la societ\u00e0 del Gruppo responsabile dello sviluppo delle attivit\u00e0 internazionali, ha perfezionato il closing con Costrutora Quebec, societ\u00e0 di costruzione nel settore energetico attiva in Brasile, per l\u2019acquisizione della linea elettrica Linha Verde I, seconda delle [&hellip;]","protected":false},"author":1,"featured_media":0,"comment_status":"","ping_status":"","sticky":false,"template":"","format":"standard","meta":{"footnotes":""},"categories":[2],"tags":[3],"class_list":["post-49452","post","type-post","status-publish","format-standard","hentry","category-approfondimenti","tag-diplomazia-economica"],"_links":{"self":[{"href":"https:\/\/www.esteri.it\/it\/wp-json\/wp\/v2\/posts\/49452","targetHints":{"allow":["GET"]}}],"collection":[{"href":"https:\/\/www.esteri.it\/it\/wp-json\/wp\/v2\/posts"}],"about":[{"href":"https:\/\/www.esteri.it\/it\/wp-json\/wp\/v2\/types\/post"}],"author":[{"embeddable":true,"href":"https:\/\/www.esteri.it\/it\/wp-json\/wp\/v2\/users\/1"}],"replies":[{"embeddable":true,"href":"https:\/\/www.esteri.it\/it\/wp-json\/wp\/v2\/comments?post=49452"}],"version-history":[{"count":0,"href":"https:\/\/www.esteri.it\/it\/wp-json\/wp\/v2\/posts\/49452\/revisions"}],"wp:attachment":[{"href":"https:\/\/www.esteri.it\/it\/wp-json\/wp\/v2\/media?parent=49452"}],"wp:term":[{"taxonomy":"category","embeddable":true,"href":"https:\/\/www.esteri.it\/it\/wp-json\/wp\/v2\/categories?post=49452"},{"taxonomy":"post_tag","embeddable":true,"href":"https:\/\/www.esteri.it\/it\/wp-json\/wp\/v2\/tags?post=49452"}],"curies":[{"name":"wp","href":"https:\/\/api.w.org\/{rel}","templated":true}]}}