{"id":49493,"date":"2020-06-19T10:52:58","date_gmt":"2020-06-19T08:52:58","guid":{"rendered":"https:\/\/www.esteri.it\/sala_stampa\/archivionotizie\/comunicati\/2020\/06\/18-07-ravenna-festival-duets-and-solos\/"},"modified":"2020-06-19T10:52:58","modified_gmt":"2020-06-19T08:52:58","slug":"18-07-ravenna-festival-duets-and-solos","status":"publish","type":"post","link":"https:\/\/www.esteri.it\/it\/sala_stampa\/archivionotizie\/approfondimenti\/2020\/06\/18-07-ravenna-festival-duets-and-solos\/","title":{"rendered":"18\/07 Ravenna Festival | Duets and solos"},"content":{"rendered":"<p>Una serata speciale animata dalle \u00e9toiles della danza sulle note di grandi compositori eseguite da Beatrice Rano e Mario Brunello.<\/p>\n<p>\u00a0<\/p>\n<p>18\/07\/2020 ore 21:30 (ora italiana)<\/p>\n<p><strong>Ravenna Festival<\/strong><\/p>\n<p>Rocca Brancaleone, Ravenna<\/p>\n<p><strong>Duets and solos<\/strong><strong><\/strong><\/p>\n<p><i>a cura di <\/i>Daniele Cipriani<\/p>\n<p>Mario Brunello <i>violoncello<\/i><i><\/i><\/p>\n<p>Beatrice Rana <i>pianoforte<\/i> <br \/><i>Danzatori<\/i><i><br \/><\/i>Silvia Azzoni\u00a0(Hamburg Ballet)<br \/>Sergio Bernal\u00a0(gi\u00e0 Balletto Nazionale di Spagna)<br \/>Hugo Marchand\u00a0(Op\u00e9ra de Paris)<br \/>Matteo Miccini\u00a0(Stuttgart Ballet)<br \/>Alexandre Ryabko\u00a0(Hamburg Ballet)<br \/>Iana Salenko\u00a0(Opera di Berlino)<br \/>Marian Walter\u00a0(Opera di Berlino)<\/p>\n<p><i>consulenza musicale<\/i>\u00a0Gast\u00f3n Fournier-Facio<\/p>\n<p><strong>\u00a0<\/strong><\/p>\n<p><i>Musiche tratte da <\/i>Arcangelo Corelli, J.S. Bach, Fr\u00e9d\u00e9ric Chopin, Camille Saint-Sa\u00ebns, Jules Massenet, Pablo de Sarasate, Claude Debussy, Sergei Rachmaninoff, Maurice Ravel<\/p>\n<p><i>Coreografie<\/i>\u00a0Michel Fokine, Jerome Robbins, Antonio Ruiz Soler, Roland Petit, John Neumeier, Ricardo Cue, Uwe Scholz, Edward Clug, Kristina Borbelyova, Sergio Bernal<\/p>\n<p><i>in collaborazione con<\/i>\u00a0Fondazione Teatro Carlo Felice di Genova &#8211; Festival del Balletto di Nervi<\/p>\n<p>Tornare a riveder\u00a0le stelle dopo la notte buia del Covid. Il Ravenna festival ospita \u00e9toiles della danza e astri della musica impegnati in una serata a dimensione raccolta, che rispetta le regole di sicurezza. Non solo grazie all\u2019intimit\u00e0 degli assoli, ma persino con passi a due, grazie all\u2019opportuna intuizione che alcuni grandi interpreti sono coppie d\u2019arte e di vita e possono intrecciare abbracci senza timori.<\/p>\n<p>Dal prestigioso atelier amburghese di John Neumeier arrivano quindi <strong>Silvia Azzoni e Alexander Ryabko<\/strong>, impegnati in un romanticissimo percorso fra notturni, chiari di luna e sonate. Da Berlino con amore, passi a due \u201cin famiglia\u201d anche per <strong>Iana Salenko e Marian Walter<\/strong>, mentre <strong>Serge Bernal e Matteo Miccini<\/strong> si alternano sul palco, l\u2019uno con roventi danze di retrogusto flamenco, l\u2019altro in uno scheggiato estratto da <i>Ssss<\/i> di Edward Clug, per concludere insieme ma a distanza senza mai sfiorarsi con una\u00a0<i>Folia de Caballeros<\/i>\u00a0sulle note di Corelli. <strong>Hugo Marchand<\/strong> invece viaggia da solo con i ritmi jazzati e felpati che Jerome Robbins cre\u00f2 per Baryshnikov in\u00a0<i>Suite of Dances<\/i>.<br \/>Assoli musicali anche per due artisti di spicco, da un lato la rodata maturit\u00e0 di <strong>Mario Brunello <\/strong>alle prese con il violoncello piccolo, strumento storico che il maestro suona in alternanza al suo tradizionale strumento \u2013 un Maggi del Seicento \u2013 dall\u2019altro il prepotente talento in ascesa della giovane pianista <strong>Beatrice Rana<\/strong>.<\/p>\n<p>Maggiori informazioni <a href=\"http:\/\/www.ravennafestival.org\/\">www.ravennafestival.org<\/a>\u00a0<\/p>\n<p>Lo spettacolo \u00e8 disponibile gratuitamente in diretta streaming, previa registrazione, su <a href=\"http:\/\/www.italiafestival.tv\">www.italiafestival.tv<\/a><a href=\"http:\/\/www.italiafestival.tv\"><\/a><\/p>\n<p><a href=\"https:\/\/www.youtube.com\/watch?v=Wu3KEwadyzU&#038;list=PL9zh4eHRSCDnztOEIX73G0OXNdtLlhDIQ&#038;index=5&#038;t=0s\"><strong>Guarda\u00a0il video di presentazione del festival<\/strong><\/a><\/p>\n","protected":false},"excerpt":{"rendered":"Una serata speciale animata dalle \u00e9toiles della danza sulle note di grandi compositori eseguite da Beatrice Rano e Mario Brunello. \u00a0 18\/07\/2020 ore 21:30 (ora italiana) Ravenna Festival Rocca Brancaleone, Ravenna Duets and solos a cura di Daniele Cipriani Mario Brunello violoncello Beatrice Rana pianoforte DanzatoriSilvia Azzoni\u00a0(Hamburg Ballet)Sergio Bernal\u00a0(gi\u00e0 Balletto Nazionale di Spagna)Hugo Marchand\u00a0(Op\u00e9ra de [&hellip;]","protected":false},"author":1,"featured_media":0,"comment_status":"","ping_status":"","sticky":false,"template":"","format":"standard","meta":{"footnotes":""},"categories":[2],"tags":[32],"class_list":["post-49493","post","type-post","status-publish","format-standard","hentry","category-approfondimenti","tag-diplomazia-culturale"],"_links":{"self":[{"href":"https:\/\/www.esteri.it\/it\/wp-json\/wp\/v2\/posts\/49493","targetHints":{"allow":["GET"]}}],"collection":[{"href":"https:\/\/www.esteri.it\/it\/wp-json\/wp\/v2\/posts"}],"about":[{"href":"https:\/\/www.esteri.it\/it\/wp-json\/wp\/v2\/types\/post"}],"author":[{"embeddable":true,"href":"https:\/\/www.esteri.it\/it\/wp-json\/wp\/v2\/users\/1"}],"replies":[{"embeddable":true,"href":"https:\/\/www.esteri.it\/it\/wp-json\/wp\/v2\/comments?post=49493"}],"version-history":[{"count":0,"href":"https:\/\/www.esteri.it\/it\/wp-json\/wp\/v2\/posts\/49493\/revisions"}],"wp:attachment":[{"href":"https:\/\/www.esteri.it\/it\/wp-json\/wp\/v2\/media?parent=49493"}],"wp:term":[{"taxonomy":"category","embeddable":true,"href":"https:\/\/www.esteri.it\/it\/wp-json\/wp\/v2\/categories?post=49493"},{"taxonomy":"post_tag","embeddable":true,"href":"https:\/\/www.esteri.it\/it\/wp-json\/wp\/v2\/tags?post=49493"}],"curies":[{"name":"wp","href":"https:\/\/api.w.org\/{rel}","templated":true}]}}