{"id":49523,"date":"2020-06-08T13:16:03","date_gmt":"2020-06-08T11:16:03","guid":{"rendered":"https:\/\/www.esteri.it\/sala_stampa\/archivionotizie\/comunicati\/2020\/06\/missione-a-lubiana-del-ministro-luigi-di-maio\/"},"modified":"2020-06-08T13:16:03","modified_gmt":"2020-06-08T11:16:03","slug":"missione-a-lubiana-del-ministro-luigi-di-maio","status":"publish","type":"post","link":"https:\/\/www.esteri.it\/it\/sala_stampa\/archivionotizie\/approfondimenti\/2020\/06\/missione-a-lubiana-del-ministro-luigi-di-maio\/","title":{"rendered":"Missione a Lubiana del Ministro Luigi Di Maio"},"content":{"rendered":"<p>Oggi il Ministro Luigi Di Maio \u00e8 a Lubiana, dove incontrer\u00e0 il collega sloveno An\u017ee Logar.<\/p>\n<p>\u00a0<\/p>\n<p><a href=\"https:\/\/www.facebook.com\/ItalyMFA.it\/posts\/866713143738852\"><img loading=\"lazy\" decoding=\"async\" src=\"https:\/\/www.esteri.it\/mae\/resource\/img\/2020\/06\/1.png\" width=\"600\" height=\"890\" alt=\"1\" style=\"float: left;\" \/><\/a><\/p>\n","protected":false},"excerpt":{"rendered":"Oggi il Ministro Luigi Di Maio \u00e8 a Lubiana, dove incontrer\u00e0 il collega sloveno An\u017ee Logar. \u00a0","protected":false},"author":1,"featured_media":0,"comment_status":"","ping_status":"","sticky":false,"template":"","format":"standard","meta":{"footnotes":""},"categories":[2],"tags":[],"class_list":["post-49523","post","type-post","status-publish","format-standard","hentry","category-approfondimenti"],"_links":{"self":[{"href":"https:\/\/www.esteri.it\/it\/wp-json\/wp\/v2\/posts\/49523","targetHints":{"allow":["GET"]}}],"collection":[{"href":"https:\/\/www.esteri.it\/it\/wp-json\/wp\/v2\/posts"}],"about":[{"href":"https:\/\/www.esteri.it\/it\/wp-json\/wp\/v2\/types\/post"}],"author":[{"embeddable":true,"href":"https:\/\/www.esteri.it\/it\/wp-json\/wp\/v2\/users\/1"}],"replies":[{"embeddable":true,"href":"https:\/\/www.esteri.it\/it\/wp-json\/wp\/v2\/comments?post=49523"}],"version-history":[{"count":0,"href":"https:\/\/www.esteri.it\/it\/wp-json\/wp\/v2\/posts\/49523\/revisions"}],"wp:attachment":[{"href":"https:\/\/www.esteri.it\/it\/wp-json\/wp\/v2\/media?parent=49523"}],"wp:term":[{"taxonomy":"category","embeddable":true,"href":"https:\/\/www.esteri.it\/it\/wp-json\/wp\/v2\/categories?post=49523"},{"taxonomy":"post_tag","embeddable":true,"href":"https:\/\/www.esteri.it\/it\/wp-json\/wp\/v2\/tags?post=49523"}],"curies":[{"name":"wp","href":"https:\/\/api.w.org\/{rel}","templated":true}]}}