{"id":49564,"date":"2020-04-24T17:21:24","date_gmt":"2020-04-24T15:21:24","guid":{"rendered":"https:\/\/www.esteri.it\/sala_stampa\/archivionotizie\/comunicati\/2020\/04\/la-farnesina-celebra-la-giornata-internazionale-del-multilateralismo-e-della-diplomazia-per-la-pace\/"},"modified":"2020-04-24T17:21:24","modified_gmt":"2020-04-24T15:21:24","slug":"la-farnesina-celebra-la-giornata-internazionale-del-multilateralismo-e-della-diplomazia-per-la-pace","status":"publish","type":"post","link":"https:\/\/www.esteri.it\/it\/sala_stampa\/archivionotizie\/approfondimenti\/2020\/04\/la-farnesina-celebra-la-giornata-internazionale-del-multilateralismo-e-della-diplomazia-per-la-pace\/","title":{"rendered":"La Farnesina celebra la Giornata Internazionale del Multilateralismo e della Diplomazia per la Pace"},"content":{"rendered":"<p>Il multilateralismo \u00e8 un pilastro della politica estera italiana. Solo attraverso il dialogo e la cooperazione la Comunit\u00e0 internazionale pu\u00f2 trovare soluzioni condivise e rispondere efficacemente a sfide globali come <a href=\"https:\/\/twitter.com\/hashtag\/COVID\u30fc19?src=hashtag_click\">#COVID-19<\/a>.<\/p>\n","protected":false},"excerpt":{"rendered":"Il multilateralismo \u00e8 un pilastro della politica estera italiana. Solo attraverso il dialogo e la cooperazione la Comunit\u00e0 internazionale pu\u00f2 trovare soluzioni condivise e rispondere efficacemente a sfide globali come #COVID-19.","protected":false},"author":1,"featured_media":0,"comment_status":"","ping_status":"","sticky":false,"template":"","format":"standard","meta":{"footnotes":""},"categories":[2],"tags":[25],"class_list":["post-49564","post","type-post","status-publish","format-standard","hentry","category-approfondimenti","tag-farnesina"],"_links":{"self":[{"href":"https:\/\/www.esteri.it\/it\/wp-json\/wp\/v2\/posts\/49564","targetHints":{"allow":["GET"]}}],"collection":[{"href":"https:\/\/www.esteri.it\/it\/wp-json\/wp\/v2\/posts"}],"about":[{"href":"https:\/\/www.esteri.it\/it\/wp-json\/wp\/v2\/types\/post"}],"author":[{"embeddable":true,"href":"https:\/\/www.esteri.it\/it\/wp-json\/wp\/v2\/users\/1"}],"replies":[{"embeddable":true,"href":"https:\/\/www.esteri.it\/it\/wp-json\/wp\/v2\/comments?post=49564"}],"version-history":[{"count":0,"href":"https:\/\/www.esteri.it\/it\/wp-json\/wp\/v2\/posts\/49564\/revisions"}],"wp:attachment":[{"href":"https:\/\/www.esteri.it\/it\/wp-json\/wp\/v2\/media?parent=49564"}],"wp:term":[{"taxonomy":"category","embeddable":true,"href":"https:\/\/www.esteri.it\/it\/wp-json\/wp\/v2\/categories?post=49564"},{"taxonomy":"post_tag","embeddable":true,"href":"https:\/\/www.esteri.it\/it\/wp-json\/wp\/v2\/tags?post=49564"}],"curies":[{"name":"wp","href":"https:\/\/api.w.org\/{rel}","templated":true}]}}