{"id":49680,"date":"2020-01-08T09:43:11","date_gmt":"2020-01-08T08:43:11","guid":{"rendered":"https:\/\/www.esteri.it\/sala_stampa\/archivionotizie\/comunicati\/2020\/01\/incontro-tra-il-ministro-luigi-di-maio-e-l-omologo-turco-mevluet-cavusoglu\/"},"modified":"2020-01-08T09:43:11","modified_gmt":"2020-01-08T08:43:11","slug":"incontro-tra-il-ministro-luigi-di-maio-e-l-omologo-turco-mevluet-cavusoglu","status":"publish","type":"post","link":"https:\/\/www.esteri.it\/it\/sala_stampa\/archivionotizie\/approfondimenti\/2020\/01\/incontro-tra-il-ministro-luigi-di-maio-e-l-omologo-turco-mevluet-cavusoglu\/","title":{"rendered":"Incontro tra il Ministro Luigi Di Maio e l\u2019omologo turco, Mevl\u00fct \u00c7avu\u015fo\u011flu"},"content":{"rendered":"<p><img loading=\"lazy\" decoding=\"async\" src=\"https:\/\/www.esteri.it\/mae\/resource\/img\/2020\/01\/entnxnexyae1tv1.jpg\" alt=\"entnxnexyae1tv1\" style=\"display: block; margin-left: auto; margin-right: auto;\" width=\"600\" height=\"400\" \/>Il Ministro Luigi Di Maio, a conclusione della missione a Bruxelles, si \u00e8 recato in serata a Istanbul per incontrare il suo omologo turco, Mevl\u00fct \u00c7avu\u015fo\u011flu. Al centro dei colloqui la situazione in Libia.<\/p>\n","protected":false},"excerpt":{"rendered":"Il Ministro Luigi Di Maio, a conclusione della missione a Bruxelles, si \u00e8 recato in serata a Istanbul per incontrare il suo omologo turco, Mevl\u00fct \u00c7avu\u015fo\u011flu. Al centro dei colloqui la situazione in Libia.","protected":false},"author":1,"featured_media":0,"comment_status":"","ping_status":"","sticky":false,"template":"","format":"standard","meta":{"footnotes":""},"categories":[2],"tags":[76,42],"class_list":["post-49680","post","type-post","status-publish","format-standard","hentry","category-approfondimenti","tag-ministri-precedenti","tag-unione-europea"],"_links":{"self":[{"href":"https:\/\/www.esteri.it\/it\/wp-json\/wp\/v2\/posts\/49680","targetHints":{"allow":["GET"]}}],"collection":[{"href":"https:\/\/www.esteri.it\/it\/wp-json\/wp\/v2\/posts"}],"about":[{"href":"https:\/\/www.esteri.it\/it\/wp-json\/wp\/v2\/types\/post"}],"author":[{"embeddable":true,"href":"https:\/\/www.esteri.it\/it\/wp-json\/wp\/v2\/users\/1"}],"replies":[{"embeddable":true,"href":"https:\/\/www.esteri.it\/it\/wp-json\/wp\/v2\/comments?post=49680"}],"version-history":[{"count":0,"href":"https:\/\/www.esteri.it\/it\/wp-json\/wp\/v2\/posts\/49680\/revisions"}],"wp:attachment":[{"href":"https:\/\/www.esteri.it\/it\/wp-json\/wp\/v2\/media?parent=49680"}],"wp:term":[{"taxonomy":"category","embeddable":true,"href":"https:\/\/www.esteri.it\/it\/wp-json\/wp\/v2\/categories?post=49680"},{"taxonomy":"post_tag","embeddable":true,"href":"https:\/\/www.esteri.it\/it\/wp-json\/wp\/v2\/tags?post=49680"}],"curies":[{"name":"wp","href":"https:\/\/api.w.org\/{rel}","templated":true}]}}