{"id":49724,"date":"2019-12-23T09:22:17","date_gmt":"2019-12-23T08:22:17","guid":{"rendered":"https:\/\/www.esteri.it\/sala_stampa\/archivionotizie\/comunicati\/2019\/12\/missione-in-libano-del-ministro-luigi-di-maio\/"},"modified":"2019-12-23T09:22:17","modified_gmt":"2019-12-23T08:22:17","slug":"missione-in-libano-del-ministro-luigi-di-maio","status":"publish","type":"post","link":"https:\/\/www.esteri.it\/it\/sala_stampa\/archivionotizie\/approfondimenti\/2019\/12\/missione-in-libano-del-ministro-luigi-di-maio\/","title":{"rendered":"Missione in Libano del Ministro Luigi Di Maio"},"content":{"rendered":"<p style=\"text-align: center;\"><img loading=\"lazy\" decoding=\"async\" width=\"500\" height=\"333\" alt=\"miss libano 2019 2\" src=\"https:\/\/www.esteri.it\/mae\/resource\/img\/2019\/12\/miss_libano_2019_2.jpg\" \/><\/p>\n<p>Il Ministro degli Affari Esteri ed della Cooperazione Internazionale Luigi Di Maio \u00e8 oggi a Beirut, in Libano, per una missione che comprende un saluto ai militari italiani dispiegati nel sud del paese nell&#8217;ambito della missione UNIFIL.<\/p>\n<p>Nel corso della visita, il Ministro Di Maio incontrer\u00e0 il suo omologo libanese, il Ministro degli Esteri uscente Gibran Bassil. Successivamente si recher\u00e0 alla base dove \u00e8 stanziato il comando del contingente italiano che opera nel quadro della missione UNIFIL e poi al quartier generale della missione, dove incontrer\u00e0 il Comandante della missione, il Generale dell\u2019Esercito Italiano Stefano Del Col.<\/p>\n<p>\u00a0<\/p>\n<p><a href=\"it\/fotoalbumeventi\/missione-in-libano.html\">Galleria Fotografica<\/a><\/p>\n","protected":false},"excerpt":{"rendered":"Il Ministro degli Affari Esteri ed della Cooperazione Internazionale Luigi Di Maio \u00e8 oggi a Beirut, in Libano, per una missione che comprende un saluto ai militari italiani dispiegati nel sud del paese nell&#8217;ambito della missione UNIFIL. Nel corso della visita, il Ministro Di Maio incontrer\u00e0 il suo omologo libanese, il Ministro degli Esteri uscente [&hellip;]","protected":false},"author":1,"featured_media":0,"comment_status":"","ping_status":"","sticky":false,"template":"","format":"standard","meta":{"footnotes":""},"categories":[2],"tags":[6,76],"class_list":["post-49724","post","type-post","status-publish","format-standard","hentry","category-approfondimenti","tag-mediterraneo-e-medio-oriente","tag-ministri-precedenti"],"_links":{"self":[{"href":"https:\/\/www.esteri.it\/it\/wp-json\/wp\/v2\/posts\/49724","targetHints":{"allow":["GET"]}}],"collection":[{"href":"https:\/\/www.esteri.it\/it\/wp-json\/wp\/v2\/posts"}],"about":[{"href":"https:\/\/www.esteri.it\/it\/wp-json\/wp\/v2\/types\/post"}],"author":[{"embeddable":true,"href":"https:\/\/www.esteri.it\/it\/wp-json\/wp\/v2\/users\/1"}],"replies":[{"embeddable":true,"href":"https:\/\/www.esteri.it\/it\/wp-json\/wp\/v2\/comments?post=49724"}],"version-history":[{"count":0,"href":"https:\/\/www.esteri.it\/it\/wp-json\/wp\/v2\/posts\/49724\/revisions"}],"wp:attachment":[{"href":"https:\/\/www.esteri.it\/it\/wp-json\/wp\/v2\/media?parent=49724"}],"wp:term":[{"taxonomy":"category","embeddable":true,"href":"https:\/\/www.esteri.it\/it\/wp-json\/wp\/v2\/categories?post=49724"},{"taxonomy":"post_tag","embeddable":true,"href":"https:\/\/www.esteri.it\/it\/wp-json\/wp\/v2\/tags?post=49724"}],"curies":[{"name":"wp","href":"https:\/\/api.w.org\/{rel}","templated":true}]}}