{"id":4984,"date":"2016-08-24T18:50:59","date_gmt":"2016-08-24T16:50:59","guid":{"rendered":"https:\/\/www.esteri.it\/sala_stampa\/archivionotizie\/comunicati\/2016\/08\/sisma-italia-centrale-telefonata\/"},"modified":"2016-08-24T18:50:59","modified_gmt":"2016-08-24T16:50:59","slug":"sisma-italia-centrale-telefonata","status":"publish","type":"post","link":"https:\/\/www.esteri.it\/it\/sala_stampa\/archivionotizie\/comunicati\/2016\/08\/sisma-italia-centrale-telefonata\/","title":{"rendered":"Sisma Italia Centrale: telefonata di cordoglio del Segretario di Stato USA Kerry al Ministro Gentiloni"},"content":{"rendered":"<p>Il Segretario di Stato americano John Kerry ha chiamato il Ministro degli Esteri Paolo Gentiloni per esprimere cordoglio al Governo e vicinanza alle famiglie colpite dal terremoto. Kerry si \u00e8 detto molto colpito dalla gravit\u00e0 del bilancio delle vittime e ha confermato la disponibilit\u00e0 del governo degli Usa a rispondere alle eventuali richieste di collaborazione da parte dell&#8217;Italia nei prossimi giorni e settimane.<\/p>\n<p>Nel corso del colloquio Kerry e Gentiloni hanno anche fatto il punto sulla situazione in Libia e sui comuni impegni nel contrasto al terrorismo e nel rafforzamento della stabilizzazione del Paese.<\/p>\n","protected":false},"excerpt":{"rendered":"Il Segretario di Stato americano John Kerry ha chiamato il Ministro degli Esteri Paolo Gentiloni per esprimere cordoglio al Governo e vicinanza alle famiglie colpite dal terremoto. Kerry si \u00e8 detto molto colpito dalla gravit\u00e0 del bilancio delle vittime e ha confermato la disponibilit\u00e0 del governo degli Usa a rispondere alle eventuali richieste di collaborazione [&hellip;]","protected":false},"author":1,"featured_media":0,"comment_status":"","ping_status":"","sticky":false,"template":"","format":"standard","meta":{"footnotes":""},"categories":[1],"tags":[397,6],"class_list":["post-4984","post","type-post","status-publish","format-standard","hentry","category-comunicati","tag-america-settentrionale","tag-mediterraneo-e-medio-oriente"],"_links":{"self":[{"href":"https:\/\/www.esteri.it\/it\/wp-json\/wp\/v2\/posts\/4984","targetHints":{"allow":["GET"]}}],"collection":[{"href":"https:\/\/www.esteri.it\/it\/wp-json\/wp\/v2\/posts"}],"about":[{"href":"https:\/\/www.esteri.it\/it\/wp-json\/wp\/v2\/types\/post"}],"author":[{"embeddable":true,"href":"https:\/\/www.esteri.it\/it\/wp-json\/wp\/v2\/users\/1"}],"replies":[{"embeddable":true,"href":"https:\/\/www.esteri.it\/it\/wp-json\/wp\/v2\/comments?post=4984"}],"version-history":[{"count":0,"href":"https:\/\/www.esteri.it\/it\/wp-json\/wp\/v2\/posts\/4984\/revisions"}],"wp:attachment":[{"href":"https:\/\/www.esteri.it\/it\/wp-json\/wp\/v2\/media?parent=4984"}],"wp:term":[{"taxonomy":"category","embeddable":true,"href":"https:\/\/www.esteri.it\/it\/wp-json\/wp\/v2\/categories?post=4984"},{"taxonomy":"post_tag","embeddable":true,"href":"https:\/\/www.esteri.it\/it\/wp-json\/wp\/v2\/tags?post=4984"}],"curies":[{"name":"wp","href":"https:\/\/api.w.org\/{rel}","templated":true}]}}