{"id":49874,"date":"2019-11-19T11:59:31","date_gmt":"2019-11-19T10:59:31","guid":{"rendered":"https:\/\/www.esteri.it\/sala_stampa\/archivionotizie\/comunicati\/2019\/11\/a-kiev-ha-preso-avvio-la-iv-settimana-della-cucina-italiana-nel-mondo\/"},"modified":"2019-11-19T11:59:31","modified_gmt":"2019-11-19T10:59:31","slug":"a-kiev-ha-preso-avvio-la-iv-settimana-della-cucina-italiana-nel-mondo","status":"publish","type":"post","link":"https:\/\/www.esteri.it\/it\/sala_stampa\/archivionotizie\/approfondimenti\/2019\/11\/a-kiev-ha-preso-avvio-la-iv-settimana-della-cucina-italiana-nel-mondo\/","title":{"rendered":"A Kiev ha preso avvio la IV Settimana della cucina italiana nel Mondo"},"content":{"rendered":"<p>E\u2019 stata inaugurata a Kiev la IV edizione della Settimana della Cucina Italiana nel Mondo dedicata quest\u2019anno a \u201cEducazione alimentare: cultura del gusto\u201d, organizzata dall\u2019Ambasciata d\u2019Italia in collaborazione con l\u2019Istituto Italiano di Cultura e l\u2019Ufficio ICE.<\/p>\n<p>Ospite speciale della rassegna sar\u00e0 lo Chef stellato Claudio Sadler che terr\u00e0 il 20 novembre due masterclass presso il nuovo Food Market di Kiev a beneficio di chef ucraini.<\/p>\n<p>La sera del 21 i suoi piatti saranno protagonisti di una cena di gala a cui parteciperanno rappresentanti del mondo politico, economico e culturale ucraino, del corpo diplomatico e dei media, realizzata in collaborazione con operatori della ristorazione e distribuzione presenti a Kiev.<\/p>\n<p>Il 29 novembre un grande evento di degustazione dedicato a \u201cProsecco, Prosciutto e Parmigiano\u201d, realizzato in collaborazione con una nota cantina italiana, torner\u00e0 per il secondo anno consecutivo a sensibilizzare un vasto pubblico sulle peculiarit\u00e0 dei prodotti DOCG e DOP. La Settimana si chiuder\u00e0 a Odessa con un tradizionale appuntamento dedicato all\u2019aperitivo all\u2019italiana che sar\u00e0 affiancato da un concerto del pianista Alexey Botvinov.<\/p>\n<p>Fino al 24 novembre i prodotti dell\u2019enogastronomia italiana saranno in promozione presso i punti vendita di due importanti catene della grande distribuzione ucraina: \u201cGiunta al suo quarto anno, questa rassegna \u00e8 ormai divenuta un momento molto atteso e di grande rilevanza in Ucraina grazie ad un pubblico che non solo apprezza enormemente la nostra cucina e le produzioni dei nostri territori ma si dimostra sempre pi\u00f9 sensibile e attento alla selezione di prodotti di alta qualit\u00e0\u201d, ha confermato l\u2019Ambasciatore Davide La Cecilia ad un incontro con i giornalisti in occasione del lancio ufficiale della Settimana, con una degustazione a cura dello Chef Marco Cervetti.<\/p>\n<p>L\u2019Ambasciatore d\u2019Italia ha inoltre sensibilizzato il pubblico sulla campagna di solidariet\u00e0 #HelpVenice lanciata dalla Farnesina a sostegno della citt\u00e0 di Venezia, un\u2019attivit\u00e0 che proseguir\u00e0 nei prossimi giorni in occasione di tutti gli eventi in rassegna.<\/p>\n","protected":false},"excerpt":{"rendered":"E\u2019 stata inaugurata a Kiev la IV edizione della Settimana della Cucina Italiana nel Mondo dedicata quest\u2019anno a \u201cEducazione alimentare: cultura del gusto\u201d, organizzata dall\u2019Ambasciata d\u2019Italia in collaborazione con l\u2019Istituto Italiano di Cultura e l\u2019Ufficio ICE. Ospite speciale della rassegna sar\u00e0 lo Chef stellato Claudio Sadler che terr\u00e0 il 20 novembre due masterclass presso il [&hellip;]","protected":false},"author":1,"featured_media":0,"comment_status":"","ping_status":"","sticky":false,"template":"","format":"standard","meta":{"footnotes":""},"categories":[2],"tags":[32,9,58,90],"class_list":["post-49874","post","type-post","status-publish","format-standard","hentry","category-approfondimenti","tag-diplomazia-culturale","tag-europa","tag-promozione-integrata","tag-settimana-della-cucina-italiana-mondo"],"_links":{"self":[{"href":"https:\/\/www.esteri.it\/it\/wp-json\/wp\/v2\/posts\/49874","targetHints":{"allow":["GET"]}}],"collection":[{"href":"https:\/\/www.esteri.it\/it\/wp-json\/wp\/v2\/posts"}],"about":[{"href":"https:\/\/www.esteri.it\/it\/wp-json\/wp\/v2\/types\/post"}],"author":[{"embeddable":true,"href":"https:\/\/www.esteri.it\/it\/wp-json\/wp\/v2\/users\/1"}],"replies":[{"embeddable":true,"href":"https:\/\/www.esteri.it\/it\/wp-json\/wp\/v2\/comments?post=49874"}],"version-history":[{"count":0,"href":"https:\/\/www.esteri.it\/it\/wp-json\/wp\/v2\/posts\/49874\/revisions"}],"wp:attachment":[{"href":"https:\/\/www.esteri.it\/it\/wp-json\/wp\/v2\/media?parent=49874"}],"wp:term":[{"taxonomy":"category","embeddable":true,"href":"https:\/\/www.esteri.it\/it\/wp-json\/wp\/v2\/categories?post=49874"},{"taxonomy":"post_tag","embeddable":true,"href":"https:\/\/www.esteri.it\/it\/wp-json\/wp\/v2\/tags?post=49874"}],"curies":[{"name":"wp","href":"https:\/\/api.w.org\/{rel}","templated":true}]}}