{"id":49902,"date":"2019-11-11T16:46:21","date_gmt":"2019-11-11T15:46:21","guid":{"rendered":"https:\/\/www.esteri.it\/sala_stampa\/archivionotizie\/comunicati\/2019\/11\/diplomazia-economica-italiana-11-novembre-ultime-news-dal-mondo\/"},"modified":"2019-11-11T16:46:21","modified_gmt":"2019-11-11T15:46:21","slug":"diplomazia-economica-italiana-11-novembre-ultime-news-dal-mondo","status":"publish","type":"post","link":"https:\/\/www.esteri.it\/it\/sala_stampa\/archivionotizie\/approfondimenti\/2019\/11\/diplomazia-economica-italiana-11-novembre-ultime-news-dal-mondo\/","title":{"rendered":"Diplomazia Economica Italiana 11 novembre: ultime news dal mondo"},"content":{"rendered":"<p>ITALIA \u2013 REPUBBLICA CECA BUSINESS FORUM \u201cINNOVAZIONE: UNA VIA PER IL FUTURO\u201d<\/p>\n<p>L\u2019Ambasciata della Repubblica Ceca in Italia ha organizzato per il prossimo 25 novembre un Business Forum che si svolger\u00e0 a Milano presso la sede di Assolombarda.<\/p>\n<p>La missione ceca sar\u00e0 guidata dal Ministro degli Affari Esteri della Repubblica ceca \u00a0Tom\u00e1\u0161 Pet\u0159\u00ed\u010dek. Per l\u2019Italia interverr\u00e0 il SS agli Affari Esteri e alla Cooperazione Internazionale On. Ivan Scalfarotto.<\/p>\n<p>L\u2019evento ha come tema conduttore \u201cInnovazione: una via per il futuro\u201d e si pone l\u2019obiettivo di identificare reciproche opportunit\u00e0 di investimento e di innovazione nei settori automobilistico, scienze della vita, citt\u00e0 intelligenti, sicurezza informatica e digitalizzazione.<\/p>\n<p>Per partecipare \u00e8 necessario iscriversi al seguente <a href=\"http:\/\/www.assolombarda.it\/servizi\/internazionalizzazione\/appuntamenti\/repubblica-ceca-evento-e-networking-con-aziende-ceche-milano-25-novembre\/academy_registration_form\">link<\/a>.<\/p>\n","protected":false},"excerpt":{"rendered":"ITALIA \u2013 REPUBBLICA CECA BUSINESS FORUM \u201cINNOVAZIONE: UNA VIA PER IL FUTURO\u201d L\u2019Ambasciata della Repubblica Ceca in Italia ha organizzato per il prossimo 25 novembre un Business Forum che si svolger\u00e0 a Milano presso la sede di Assolombarda. La missione ceca sar\u00e0 guidata dal Ministro degli Affari Esteri della Repubblica ceca \u00a0Tom\u00e1\u0161 Pet\u0159\u00ed\u010dek. Per l\u2019Italia [&hellip;]","protected":false},"author":1,"featured_media":0,"comment_status":"","ping_status":"","sticky":false,"template":"","format":"standard","meta":{"footnotes":""},"categories":[2],"tags":[3],"class_list":["post-49902","post","type-post","status-publish","format-standard","hentry","category-approfondimenti","tag-diplomazia-economica"],"_links":{"self":[{"href":"https:\/\/www.esteri.it\/it\/wp-json\/wp\/v2\/posts\/49902","targetHints":{"allow":["GET"]}}],"collection":[{"href":"https:\/\/www.esteri.it\/it\/wp-json\/wp\/v2\/posts"}],"about":[{"href":"https:\/\/www.esteri.it\/it\/wp-json\/wp\/v2\/types\/post"}],"author":[{"embeddable":true,"href":"https:\/\/www.esteri.it\/it\/wp-json\/wp\/v2\/users\/1"}],"replies":[{"embeddable":true,"href":"https:\/\/www.esteri.it\/it\/wp-json\/wp\/v2\/comments?post=49902"}],"version-history":[{"count":0,"href":"https:\/\/www.esteri.it\/it\/wp-json\/wp\/v2\/posts\/49902\/revisions"}],"wp:attachment":[{"href":"https:\/\/www.esteri.it\/it\/wp-json\/wp\/v2\/media?parent=49902"}],"wp:term":[{"taxonomy":"category","embeddable":true,"href":"https:\/\/www.esteri.it\/it\/wp-json\/wp\/v2\/categories?post=49902"},{"taxonomy":"post_tag","embeddable":true,"href":"https:\/\/www.esteri.it\/it\/wp-json\/wp\/v2\/tags?post=49902"}],"curies":[{"name":"wp","href":"https:\/\/api.w.org\/{rel}","templated":true}]}}