{"id":49952,"date":"2019-10-22T15:51:27","date_gmt":"2019-10-22T13:51:27","guid":{"rendered":"https:\/\/www.esteri.it\/sala_stampa\/archivionotizie\/comunicati\/2019\/10\/diplomazia-economica-italiana-22-ottobre-ultime-news-dal-mondo_0\/"},"modified":"2019-10-22T15:51:27","modified_gmt":"2019-10-22T13:51:27","slug":"diplomazia-economica-italiana-22-ottobre-ultime-news-dal-mondo_0","status":"publish","type":"post","link":"https:\/\/www.esteri.it\/it\/sala_stampa\/archivionotizie\/approfondimenti\/2019\/10\/diplomazia-economica-italiana-22-ottobre-ultime-news-dal-mondo_0\/","title":{"rendered":"Diplomazia Economica Italiana 22 ottobre: ultime news dal mondo"},"content":{"rendered":"<p>OICE \u2013 Presentazione rapporto 2019<\/p>\n<p>L&#8217;OICE,\u00a0 l\u2019Associazione che rappresenta le organizzazioni italiane di ingegneria, di architettura e di consulenza tecnico-economica, organizza con l&#8217;Agenzia ICE ed in collaborazione con il Ministero degli Affari Esteri e della Cooperazione Internazionale e il Ministero dello Sviluppo Economico la presentazione del Rapporto 2019 sulla presenza all\u2019estero delle societ\u00e0 di ingegneria, architettura e consulenza che si terr\u00e0 marted\u00ec 29 ottobre dalle 10:30 alle 13:00 a Roma, presso la sede dell&#8217;ICE-Agenzia, Via Liszt 21 &#8211; Sala Pirelli.<br \/> Il Rapporto 2019, elaborato in collaborazione con il CER \u2013 Centro Europa Ricerche, offrir\u00e0 un quadro aggiornato di dati, statistiche, proiezioni e orientamenti di uno dei settori strategici dell&#8217;imprenditoria italiana.<br \/> All\u2019evento parteciperanno rappresentanti delle Istituzioni e della Politica, Ambasciatori di Paesi esteri a Roma, manager di imprese e societ\u00e0, Banche e Associazioni.<\/p>\n<p>L&#8217;evento sar\u00e0 moderato dal giornalista del TG1 Rai, Marco Valerio Lo Prete. Il programma prevede l&#8217;introduzione dei Presidenti ICE ed OICE, Carlo Ferro e Gabriele Scicolone, mentre\u00a0 il Vicepresidente OICE con delega all&#8217;internazionalizzazione Roberto Carpaneto illustrer\u00e0 insieme al Direttore del CER Stefano Fantacone i risultati del Rapporto. Nel corso di una tavola rotonda saranno presentati\u00a0 i migliori progetti realizzati da Associati OICE in Europa e nel mondo. Chiuder\u00e0 i lavori il Sottosegretario agli Affari Esteri e Cooperazione Internazionale, On. Manlio Di Stefano. Per informazioni: <a href=\"https:\/\/www.oice.it\/partecipazione\/\">https:\/\/www.oice.it\/partecipazione\/<\/a><\/p>\n","protected":false},"excerpt":{"rendered":"OICE \u2013 Presentazione rapporto 2019 L&#8217;OICE,\u00a0 l\u2019Associazione che rappresenta le organizzazioni italiane di ingegneria, di architettura e di consulenza tecnico-economica, organizza con l&#8217;Agenzia ICE ed in collaborazione con il Ministero degli Affari Esteri e della Cooperazione Internazionale e il Ministero dello Sviluppo Economico la presentazione del Rapporto 2019 sulla presenza all\u2019estero delle societ\u00e0 di ingegneria, [&hellip;]","protected":false},"author":1,"featured_media":0,"comment_status":"","ping_status":"","sticky":false,"template":"","format":"standard","meta":{"footnotes":""},"categories":[2],"tags":[3],"class_list":["post-49952","post","type-post","status-publish","format-standard","hentry","category-approfondimenti","tag-diplomazia-economica"],"_links":{"self":[{"href":"https:\/\/www.esteri.it\/it\/wp-json\/wp\/v2\/posts\/49952","targetHints":{"allow":["GET"]}}],"collection":[{"href":"https:\/\/www.esteri.it\/it\/wp-json\/wp\/v2\/posts"}],"about":[{"href":"https:\/\/www.esteri.it\/it\/wp-json\/wp\/v2\/types\/post"}],"author":[{"embeddable":true,"href":"https:\/\/www.esteri.it\/it\/wp-json\/wp\/v2\/users\/1"}],"replies":[{"embeddable":true,"href":"https:\/\/www.esteri.it\/it\/wp-json\/wp\/v2\/comments?post=49952"}],"version-history":[{"count":0,"href":"https:\/\/www.esteri.it\/it\/wp-json\/wp\/v2\/posts\/49952\/revisions"}],"wp:attachment":[{"href":"https:\/\/www.esteri.it\/it\/wp-json\/wp\/v2\/media?parent=49952"}],"wp:term":[{"taxonomy":"category","embeddable":true,"href":"https:\/\/www.esteri.it\/it\/wp-json\/wp\/v2\/categories?post=49952"},{"taxonomy":"post_tag","embeddable":true,"href":"https:\/\/www.esteri.it\/it\/wp-json\/wp\/v2\/tags?post=49952"}],"curies":[{"name":"wp","href":"https:\/\/api.w.org\/{rel}","templated":true}]}}