{"id":49962,"date":"2019-10-22T11:46:10","date_gmt":"2019-10-22T09:46:10","guid":{"rendered":"https:\/\/www.esteri.it\/sala_stampa\/archivionotizie\/comunicati\/2019\/10\/settimana-della-lingua-alessandro-baricco-ospite-a-giacarta-e-dell-ubud-writers-and-readers-festival\/"},"modified":"2019-10-22T11:46:10","modified_gmt":"2019-10-22T09:46:10","slug":"settimana-della-lingua-alessandro-baricco-ospite-a-giacarta-e-dell-ubud-writers-and-readers-festival","status":"publish","type":"post","link":"https:\/\/www.esteri.it\/it\/sala_stampa\/archivionotizie\/approfondimenti\/2019\/10\/settimana-della-lingua-alessandro-baricco-ospite-a-giacarta-e-dell-ubud-writers-and-readers-festival\/","title":{"rendered":"Settimana della Lingua: Alessandro Baricco ospite a Giacarta e dell\u2019Ubud Writers and Readers Festival"},"content":{"rendered":"<p>Lo scrittore Alessandro Baricco sar\u00e0 ospite della 19ma edizione della Settimana della lingua italiana nel mondo. Invitato dall\u2019Ambasciata d\u2019Italia a Giacarta e dall\u2019Istituto Italiano di Cultura, interverr\u00e0 il 22 ottobre presso la Facolt\u00e0 di Scienze Umanistiche dell\u2019Universitas Indonesia con una conferenza dal titolo \u201cUna certa idea di mondo: cinque libri che mi hanno portato fin qui\u201d.<\/p>\n<p>Dal 24 al 27 ottobre Baricco sar\u00e0, inoltre, presente agli incontri organizzati in occasione della 16ma edizione di <i>Ubud Writers &#038; Readers\u00a0 Festival <\/i>che si terr\u00e0 nella citt\u00e0 di Ubud-Bali. L\u2019Ubud Festival, con la partecipazione di oltre 150 invitati tra scrittori, artisti, performers provenienti da 30 Paesi, si \u00e8 affermato, nel corso degli anni, come uno dei piu&#8217; seguiti appuntamenti culturali del paese ed \u00e8 stato nominato tra i primi 5 pi\u00f9 importanti festival letterari internazionali per il 2019 da<i>The Telegraph<\/i><i>UK<\/i>.<\/p>\n<p>L\u2019edizione di quest\u2019anno intende esplorare, in particolare, attraverso la letteratura ma anche le arti visive, il tema legato alle conseguenze che le nostre azioni personali e \/o collettive possano provocare nell\u2019ambiente sociale e fisico che ci circonda: dal cambiamento climatico alla partecipazione responsabile degli intellettuali e degli artisti alla costruzione di un futuro migliore e condiviso.<\/p>\n","protected":false},"excerpt":{"rendered":"Lo scrittore Alessandro Baricco sar\u00e0 ospite della 19ma edizione della Settimana della lingua italiana nel mondo. Invitato dall\u2019Ambasciata d\u2019Italia a Giacarta e dall\u2019Istituto Italiano di Cultura, interverr\u00e0 il 22 ottobre presso la Facolt\u00e0 di Scienze Umanistiche dell\u2019Universitas Indonesia con una conferenza dal titolo \u201cUna certa idea di mondo: cinque libri che mi hanno portato fin [&hellip;]","protected":false},"author":1,"featured_media":0,"comment_status":"","ping_status":"","sticky":false,"template":"","format":"standard","meta":{"footnotes":""},"categories":[2],"tags":[45,32,108],"class_list":["post-49962","post","type-post","status-publish","format-standard","hentry","category-approfondimenti","tag-asia-e-oceania","tag-diplomazia-culturale","tag-settimana-della-lingua-italiana-mondo"],"_links":{"self":[{"href":"https:\/\/www.esteri.it\/it\/wp-json\/wp\/v2\/posts\/49962","targetHints":{"allow":["GET"]}}],"collection":[{"href":"https:\/\/www.esteri.it\/it\/wp-json\/wp\/v2\/posts"}],"about":[{"href":"https:\/\/www.esteri.it\/it\/wp-json\/wp\/v2\/types\/post"}],"author":[{"embeddable":true,"href":"https:\/\/www.esteri.it\/it\/wp-json\/wp\/v2\/users\/1"}],"replies":[{"embeddable":true,"href":"https:\/\/www.esteri.it\/it\/wp-json\/wp\/v2\/comments?post=49962"}],"version-history":[{"count":0,"href":"https:\/\/www.esteri.it\/it\/wp-json\/wp\/v2\/posts\/49962\/revisions"}],"wp:attachment":[{"href":"https:\/\/www.esteri.it\/it\/wp-json\/wp\/v2\/media?parent=49962"}],"wp:term":[{"taxonomy":"category","embeddable":true,"href":"https:\/\/www.esteri.it\/it\/wp-json\/wp\/v2\/categories?post=49962"},{"taxonomy":"post_tag","embeddable":true,"href":"https:\/\/www.esteri.it\/it\/wp-json\/wp\/v2\/tags?post=49962"}],"curies":[{"name":"wp","href":"https:\/\/api.w.org\/{rel}","templated":true}]}}