{"id":4999,"date":"2016-08-08T18:09:20","date_gmt":"2016-08-08T16:09:20","guid":{"rendered":"https:\/\/www.esteri.it\/sala_stampa\/archivionotizie\/comunicati\/2016\/08\/la-farnesina-sulle-notizie-stampa\/"},"modified":"2016-08-08T18:09:20","modified_gmt":"2016-08-08T16:09:20","slug":"la-farnesina-sulle-notizie-stampa","status":"publish","type":"post","link":"https:\/\/www.esteri.it\/it\/sala_stampa\/archivionotizie\/comunicati\/2016\/08\/la-farnesina-sulle-notizie-stampa\/","title":{"rendered":"La Farnesina sulle notizie stampa della nomina di un cd ambasciatore &#8220;at large&#8221; dell&#8217;Abkhazia in Italia"},"content":{"rendered":"<p>Rispetto a notizie stampa relative all&#8217;attivit\u00e0 in Italia di un cd ambasciatore &#8220;at large&#8221; dell&#8217;Abkhazia, il Ministero degli Affari Esteri e della Cooperazione Internazionale ricorda che l&#8217;Italia, in linea con la posizione dell&#8217;Unione Europea, non riconosce l&#8217;indipendenza dell&#8217;Abkhazia &#8211; che \u00e8 una regione della Georgia- n\u00e9 tantomeno rappresentanti diplomatici o inviati delle sedicenti Autorit\u00e0 abkhaze. A tali soggetti non sono pertanto estesi immunit\u00e0 o privilegi secondo le vigenti norme di diritto interno ed internazionale.<\/p>\n","protected":false},"excerpt":{"rendered":"Rispetto a notizie stampa relative all&#8217;attivit\u00e0 in Italia di un cd ambasciatore &#8220;at large&#8221; dell&#8217;Abkhazia, il Ministero degli Affari Esteri e della Cooperazione Internazionale ricorda che l&#8217;Italia, in linea con la posizione dell&#8217;Unione Europea, non riconosce l&#8217;indipendenza dell&#8217;Abkhazia &#8211; che \u00e8 una regione della Georgia- n\u00e9 tantomeno rappresentanti diplomatici o inviati delle sedicenti Autorit\u00e0 abkhaze. [&hellip;]","protected":false},"author":1,"featured_media":0,"comment_status":"","ping_status":"","sticky":false,"template":"","format":"standard","meta":{"footnotes":""},"categories":[1],"tags":[9],"class_list":["post-4999","post","type-post","status-publish","format-standard","hentry","category-comunicati","tag-europa"],"_links":{"self":[{"href":"https:\/\/www.esteri.it\/it\/wp-json\/wp\/v2\/posts\/4999","targetHints":{"allow":["GET"]}}],"collection":[{"href":"https:\/\/www.esteri.it\/it\/wp-json\/wp\/v2\/posts"}],"about":[{"href":"https:\/\/www.esteri.it\/it\/wp-json\/wp\/v2\/types\/post"}],"author":[{"embeddable":true,"href":"https:\/\/www.esteri.it\/it\/wp-json\/wp\/v2\/users\/1"}],"replies":[{"embeddable":true,"href":"https:\/\/www.esteri.it\/it\/wp-json\/wp\/v2\/comments?post=4999"}],"version-history":[{"count":0,"href":"https:\/\/www.esteri.it\/it\/wp-json\/wp\/v2\/posts\/4999\/revisions"}],"wp:attachment":[{"href":"https:\/\/www.esteri.it\/it\/wp-json\/wp\/v2\/media?parent=4999"}],"wp:term":[{"taxonomy":"category","embeddable":true,"href":"https:\/\/www.esteri.it\/it\/wp-json\/wp\/v2\/categories?post=4999"},{"taxonomy":"post_tag","embeddable":true,"href":"https:\/\/www.esteri.it\/it\/wp-json\/wp\/v2\/tags?post=4999"}],"curies":[{"name":"wp","href":"https:\/\/api.w.org\/{rel}","templated":true}]}}