{"id":50204,"date":"2019-03-21T15:12:46","date_gmt":"2019-03-21T14:12:46","guid":{"rendered":"https:\/\/www.esteri.it\/sala_stampa\/archivionotizie\/comunicati\/2019\/03\/spagna-italian-design-day-premiati-i-vincitori-del-concorso-indetto-dall-ambasciata\/"},"modified":"2019-03-21T15:12:46","modified_gmt":"2019-03-21T14:12:46","slug":"spagna-italian-design-day-premiati-i-vincitori-del-concorso-indetto-dall-ambasciata","status":"publish","type":"post","link":"https:\/\/www.esteri.it\/it\/sala_stampa\/archivionotizie\/approfondimenti\/2019\/03\/spagna-italian-design-day-premiati-i-vincitori-del-concorso-indetto-dall-ambasciata\/","title":{"rendered":"Spagna: Italian Design Day, premiati i vincitori del concorso indetto dall&#8217;Ambasciata"},"content":{"rendered":"<p>Per la terza edizione dell\u2019Italian Design Day, l\u2019Ambasciata d\u2019Italia a Madrid ha ospitato gioved\u00ec 7 marzo l\u2019evento\u00a0\u201cIl Design. Un viaggio tra Italia e Spagna<strong>\u201d.<\/strong><\/p>\n<p>Le Design Ambassador\u00a0Gilda Bojardi, direttrice di INTERNI Magazine, e\u00a0Marva Griffin, fondatrice e curatrice del Salone Satellite, evento che ha luogo all\u2019interno del Salone del Mobile .Milano, che si tiene presso Fiera Milano a Rho, hanno offerto interessanti anticipazioni sul Fuori Salone e sul Salone Satellite che prenderanno il via a Milano il prossimo aprile e hanno ripercorso i momenti pi\u00f9 significativi del concorso \u201cIl Design. Un viaggio tra Italia e Spagna\u201d, lanciato all\u2019indomani dell\u2019Italian Design Day 2018 e rivolto a giovani professionisti e studenti di design e architettura in Spagna.<\/p>\n<p>Il concorso, organizzato in collaborazione con\u00a0INTERNI Magazine, il\u00a0Colegio Oficial de Arquitectos de Madrid-COAM\u00a0e l\u2019Asociaci\u00f3n de Dise\u00f1adores de Madrid-DIMAD, ha visto la partecipazione di numerosi designer emergenti e studenti delle principali universit\u00e0 e scuole di design in Spagna, chiamati a sviluppare progetti dedicati al tema: \u201cLo spazio liquido. Tempo e luce nell\u2019habitat del nuovo millennio\u201d.<\/p>\n<p>La giuria, presieduta dall\u2019ambasciatore\u00a0Stefano Sannino\u00a0e composta da\u00a0Gilda Bojardi, Marva Griffin, dal presidente dell\u2019Associazione per il Disegno Industriale\u00a0Luciano Galimberti, dal vice presidente del COAM\u00a0Carlos Lahoz, dal segretario di DIMAD\u00a0Mariano Mart\u00edn\u00a0e dalla direttrice del Llum Festival di Barcellona\u00a0Mar\u00eda G\u00fcell, si \u00e8 riunita lo scorso 13 dicembre a Milano presso la sede di Mondadori per esaminare le numerose candidature pervenute.<\/p>\n<p>Tre i progetti vincitori: la cucina\u00a0<strong>\u201c<\/strong>Loop\u201d\u00a0di\u00a0Jes\u00fas L\u00f3pez de los Mozos, la consolle\u00a0\u201cBuffet Capa\u201d\u00a0di\u00a0Manuel Garc\u00eda Fraile\u00a0e i porta oggetti modulari\u00a0\u201cNess\u201d\u00a0di\u00a0Cristina Castillo e Patrizia Lallana, studentesse dell\u2019Istituto Europeo di Design di Madrid, che verranno modellizzati grazie alla collaborazione delle imprese italiane\u00a0Officine Tamborrino, Ethimo e Ghidini1961\u00a0e che saranno presentati nell\u2019ambito dell\u2019evento \u201cInterni Human Spaces\u201d organizzato da INTERNI Magazine presso l\u2019Universit\u00e0 Statale di Milano in occasione del FuoriSalone che si aprir\u00e0 il prossimo 8 aprile.<\/p>\n<p>La giuria ha inoltre voluto assegnare una menzione speciale ai seguenti progetti: \u201cAccelerando\u201d di Naomi Pham, Maria Jos\u00e9 Martinez e Anne Sofie Grenness (studentesse dell\u2019Istituto Europeo di Design di Barcellona); \u201cBrik n Brik\u201d di Eider Tom\u00e9 Echeverria, Martinez Vara de Rey de Artaza e Sof\u00eda Fuentes Jim\u00e9nez (studentesse della Scuola Universitaria di Design, Innovazione e Tecnologia di Madrid &#8211; ESNE); \u201cEraoly\u201d di Olaya Pazos Gonz\u00e1lez; \u201cMoonline\u201d di Eric Conejo Tejada; \u201cMutable Spaces\u201d di Ekaterina Bernadzikovskaia, Magdalena Mikolajuk, Tahani Barada e Valentina Loffa (studentesse dell\u2019Istituto Europeo di Design di Barcellona); \u201cVentaglio\u201d di Mayte Molina N\u00e1cher (studentessa della Scuola Universitaria di Design, Innovazione e Tecnologia di Madrid \u2013 ESNE); \u201cXam\u201d di Raquel V\u00e1zquez Ted\u00edn e Mar\u00eda Eduarda Sampaio Olivera (studentesse dell\u2019Istituto Europeo di Design di Madrid); \u201cEn mi casa hab\u00eda tres l\u00e1mparas\u201d di Guillermo Perales, Cristina Sequero e Alejandro Rosado. Quest\u2019ultimo progetto ha ricevuto dal direttore della scuola di design dell\u2019Istituto Marangoni Mark Anderson\u00a0una borsa di studio per una\u00a0<i>summer school<\/i>\u00a0a Milano.<\/p>\n<p>\u201cINTERNI ha accettato con entusiasmo l\u2019invito dell\u2019Ambasciata d\u2019Italia a partecipare al concorso Il Design. Un viaggio tra Italia e Spagna\u201d \u2013 ha commentato la Design Ambassador\u00a0Gilda Bojardi. \u201cI giovani, studenti e neo professionisti che hanno aderito alla call lanciata lo scorso anno in occasione de la Semana de la Arquitectura de Madrid \u2013 di cui Interni era Media Partner \u2013 hanno affrontato con impegno, entusiasmo e creativit\u00e0 i temi proposti. Sono emersi progetti legati a nuovi concetti dell\u2019abitare, pi\u00f9 trasversali e multifunzionali, come evince dai tre premiati e dalle otto menzioni oggi presentate, e pi\u00f9 orientati verso uno stile di abitare per millenials, transitorio e flessibile. Sono orgogliosa di annunciare che ad aprile, in occasione del FuoriSalone di Milano, di cui INTERNI \u00e8 ideatore e protagonista, ospiteremo all\u2019interno della mostra-evento Interni Human Spaces i progetti vincitori prototipati da tre aziende italiane: Ethimo, Ghidini1961 e Officine Tamborrino e i lavori dei giovani menzionati attraverso una selezionata scelta di rendering e disegni. Uno scenografico allestimento ideato dell\u2019architetto romano\u00a0Davide Valoppi\u00a0sar\u00e0 collocato nel sottoportico del Cortile d\u2019Onore e aiuter\u00e0 a valorizzare le sinergie creative tra Italia e Spagna\u201d. Trovo molto significativa la collaborazione realizzata tra i giovani spagnoli e le tre aziende italiane selezionate da Interni, che sono altamente rappresentative dell\u2019eccellenza del Made in Italy che \u00e8 il vero punto di forza del nostro design\u201d.<\/p>\n<p>\u201cHo accolto con piacere la proposta di far parte della giuria di questo concorso e di essere a Madrid per presentarne i risultati\u201d \u2013 ha affermato la Design Ambassador\u00a0Marva Griffin. \u201cSi tratta d\u2019altronde di un\u2019iniziativa pienamente in linea con l\u2019impegno a valorizzare il connubio tra giovani e design che il Salone Satellite realizza da molti anni.<\/p>\n<p>\u201cSono molto felice di presentare i risultati di questo avvincente viaggio, che un anno fa sembrava una scommessa e che oggi \u00e8 una splendida realt\u00e0\u201d ha dichiarato l\u2019ambasciatore\u00a0Stefano Sannino\u00a0nel corso della cerimonia di consegna dei premi che \u00e8 stata al centro dell\u2019Italian Design Day di Madrid. \u201cGrazie all\u2019impegno dei nostri partner e all\u2019entusiasmo mostrato dai numerosi designer che hanno partecipato all\u2019iniziativa, \u00e8 stato possibile arrivare, dopo un anno di intenso lavoro, all\u2019evento di oggi. Si \u00e8 trattato di un progetto molto ambizioso, che ha richiesto l\u2019apporto di autorevoli istituzioni e personalit\u00e0 del mondo dell\u2019architettura e del design italiani e spagnoli e il lavoro di tre imprese italiane di eccellenza. E il viaggio non finisce qui, perch\u00e9 il progetto vedr\u00e0 il suo compimento ad aprile, con l\u2019esposizione dei tre modelli vincitori a Milano in occasione del Fuori Salone. \u00c8 un\u2019opportunit\u00e0 unica che si inserisce nella pi\u00f9 ampia strategia dell\u2019Ambasciata che, attraverso il progetto ITmakES, punta a valorizzare le sinergie tra Italia e Spagna nel settore delle industrie culturali creative, investendo sui giovani e sul loro talento.\u201d<\/p>\n","protected":false},"excerpt":{"rendered":"Per la terza edizione dell\u2019Italian Design Day, l\u2019Ambasciata d\u2019Italia a Madrid ha ospitato gioved\u00ec 7 marzo l\u2019evento\u00a0\u201cIl Design. Un viaggio tra Italia e Spagna\u201d. Le Design Ambassador\u00a0Gilda Bojardi, direttrice di INTERNI Magazine, e\u00a0Marva Griffin, fondatrice e curatrice del Salone Satellite, evento che ha luogo all\u2019interno del Salone del Mobile .Milano, che si tiene presso Fiera [&hellip;]","protected":false},"author":1,"featured_media":0,"comment_status":"","ping_status":"","sticky":false,"template":"","format":"standard","meta":{"footnotes":""},"categories":[2],"tags":[9,312],"class_list":["post-50204","post","type-post","status-publish","format-standard","hentry","category-approfondimenti","tag-europa","tag-italian-design-day"],"_links":{"self":[{"href":"https:\/\/www.esteri.it\/it\/wp-json\/wp\/v2\/posts\/50204","targetHints":{"allow":["GET"]}}],"collection":[{"href":"https:\/\/www.esteri.it\/it\/wp-json\/wp\/v2\/posts"}],"about":[{"href":"https:\/\/www.esteri.it\/it\/wp-json\/wp\/v2\/types\/post"}],"author":[{"embeddable":true,"href":"https:\/\/www.esteri.it\/it\/wp-json\/wp\/v2\/users\/1"}],"replies":[{"embeddable":true,"href":"https:\/\/www.esteri.it\/it\/wp-json\/wp\/v2\/comments?post=50204"}],"version-history":[{"count":0,"href":"https:\/\/www.esteri.it\/it\/wp-json\/wp\/v2\/posts\/50204\/revisions"}],"wp:attachment":[{"href":"https:\/\/www.esteri.it\/it\/wp-json\/wp\/v2\/media?parent=50204"}],"wp:term":[{"taxonomy":"category","embeddable":true,"href":"https:\/\/www.esteri.it\/it\/wp-json\/wp\/v2\/categories?post=50204"},{"taxonomy":"post_tag","embeddable":true,"href":"https:\/\/www.esteri.it\/it\/wp-json\/wp\/v2\/tags?post=50204"}],"curies":[{"name":"wp","href":"https:\/\/api.w.org\/{rel}","templated":true}]}}