{"id":50305,"date":"2018-12-10T11:33:21","date_gmt":"2018-12-10T10:33:21","guid":{"rendered":"https:\/\/www.esteri.it\/sala_stampa\/archivionotizie\/comunicati\/2018\/12\/giornata-internazionale-dei-diritti-umani-70-anniversario-della-dichiarazione-universale-dei-diritti-dell-uomo\/"},"modified":"2018-12-10T11:33:21","modified_gmt":"2018-12-10T10:33:21","slug":"giornata-internazionale-dei-diritti-umani-70-anniversario-della-dichiarazione-universale-dei-diritti-dell-uomo","status":"publish","type":"post","link":"https:\/\/www.esteri.it\/it\/sala_stampa\/archivionotizie\/approfondimenti\/2018\/12\/giornata-internazionale-dei-diritti-umani-70-anniversario-della-dichiarazione-universale-dei-diritti-dell-uomo\/","title":{"rendered":"Giornata internazionale dei Diritti Umani: 70\u00b0 Anniversario della Dichiarazione Universale dei Diritti dell\u2019Uomo"},"content":{"rendered":"<p>Ricorre oggi il 70esimo anniversario della Dichiarazione Universale dei Diritti dell\u2019Uomo, che fu adottata dalle Nazioni Unite il 10 dicembre 1948. Da allora, ogni anno, il 10 dicembre si celebra la Giornata internazionale dei diritti umani. <strong><\/strong><\/p>\n<p>Il nostro Paese \u00e8 fortemente impegnato a livello internazionale per la promozione e il rispetto dei diritti umani, nella ferma convinzione che la tutela dei diritti inalienabili della persona e delle sue libert\u00e0 fondamentali sia elemento imprescindibile per la costruzione di societ\u00e0 inclusive e pacifiche e dunque fattore determinante di sicurezza e stabilit\u00e0.<\/p>\n<p>In occasione di questa importante ricorrenza, l\u2019Italia conferma con ancor maggiore determinazione il proprio impegno in quanto neoeletto membro del Consiglio Diritti Umani dell\u2019ONU per il triennio 2019-2021, con il fermo proposito di contribuire a rafforzare l\u2019azione delle Nazioni Unite in questo settore, ispirandosi ad un approccio inclusivo, aperto al dialogo e rispettoso delle diversit\u00e0.<\/p>\n<p>La campagna per una moratoria universale della pena di morte, che continua a registrare un trend positivo, figura tra le priorit\u00e0 dell\u2019azione internazionale dell\u2019Italia in materia di diritti umani, insieme alla promozione dei diritti delle donne, dei bambini, delle persone con disabilit\u00e0 e dei difensori dei diritti umani, alla tutela della libert\u00e0 di religione e del patrimonio culturale, alla lotta ad ogni forma di discriminazione e alla tratta di esseri umani.<\/p>\n<p>In piena coerenza con gli obiettivi dell\u2019Agenda 2030 delle Nazioni Unite per lo sviluppo sostenibile, l\u2019Italia continuer\u00e0 a impegnarsi nella difesa dei diritti umani e delle libert\u00e0 fondamentali che rappresentano uno dei pilastri essenziali da cui dipendono la pace e della sicurezza nel mondo.<\/p>\n","protected":false},"excerpt":{"rendered":"Ricorre oggi il 70esimo anniversario della Dichiarazione Universale dei Diritti dell\u2019Uomo, che fu adottata dalle Nazioni Unite il 10 dicembre 1948. Da allora, ogni anno, il 10 dicembre si celebra la Giornata internazionale dei diritti umani. Il nostro Paese \u00e8 fortemente impegnato a livello internazionale per la promozione e il rispetto dei diritti umani, nella [&hellip;]","protected":false},"author":1,"featured_media":0,"comment_status":"","ping_status":"","sticky":false,"template":"","format":"standard","meta":{"footnotes":""},"categories":[2],"tags":[],"class_list":["post-50305","post","type-post","status-publish","format-standard","hentry","category-approfondimenti"],"_links":{"self":[{"href":"https:\/\/www.esteri.it\/it\/wp-json\/wp\/v2\/posts\/50305","targetHints":{"allow":["GET"]}}],"collection":[{"href":"https:\/\/www.esteri.it\/it\/wp-json\/wp\/v2\/posts"}],"about":[{"href":"https:\/\/www.esteri.it\/it\/wp-json\/wp\/v2\/types\/post"}],"author":[{"embeddable":true,"href":"https:\/\/www.esteri.it\/it\/wp-json\/wp\/v2\/users\/1"}],"replies":[{"embeddable":true,"href":"https:\/\/www.esteri.it\/it\/wp-json\/wp\/v2\/comments?post=50305"}],"version-history":[{"count":0,"href":"https:\/\/www.esteri.it\/it\/wp-json\/wp\/v2\/posts\/50305\/revisions"}],"wp:attachment":[{"href":"https:\/\/www.esteri.it\/it\/wp-json\/wp\/v2\/media?parent=50305"}],"wp:term":[{"taxonomy":"category","embeddable":true,"href":"https:\/\/www.esteri.it\/it\/wp-json\/wp\/v2\/categories?post=50305"},{"taxonomy":"post_tag","embeddable":true,"href":"https:\/\/www.esteri.it\/it\/wp-json\/wp\/v2\/tags?post=50305"}],"curies":[{"name":"wp","href":"https:\/\/api.w.org\/{rel}","templated":true}]}}