{"id":50489,"date":"2018-08-03T19:45:42","date_gmt":"2018-08-03T17:45:42","guid":{"rendered":"https:\/\/www.esteri.it\/sala_stampa\/archivionotizie\/comunicati\/2018\/08\/il-ministro-moavero-milanesi-in-missione-al-cairo\/"},"modified":"2018-08-03T19:45:42","modified_gmt":"2018-08-03T17:45:42","slug":"il-ministro-moavero-milanesi-in-missione-al-cairo","status":"publish","type":"post","link":"https:\/\/www.esteri.it\/it\/sala_stampa\/archivionotizie\/approfondimenti\/2018\/08\/il-ministro-moavero-milanesi-in-missione-al-cairo\/","title":{"rendered":"Visita del Ministro Moavero Milanesi al Cairo"},"content":{"rendered":"<p><img decoding=\"async\" style=\"margin-right: auto; margin-left: auto; display: block;\" alt=\"cairo2\" src=\"https:\/\/www.esteri.it\/mae\/resource\/img\/2018\/08\/cairo2.jpg\" \/><\/p>\n<p>\u00a0<\/p>\n<p>Il\u00a0Ministro degli Affari Esteri e della Cooperazione Internazionale, Enzo Moavero Milanesi, \u00e8 da\u00a0ieri al Cairo per una serie di incontri con Autorit\u00e0 politiche e religiose del Paese. Nel corso della visita, avr\u00e0 colloqui con il Presidente Sisi, il Primo Ministro Mabdouli, nonch\u00e9 con il suo omologo, il Ministro Shoukry e il Ministro delle Antichit\u00e0, El Enani. Il Ministro incontrer\u00e0 altres\u00ec\u00a0il Grande Imam di Al-Azhar, Ahmed El Tayyeb e\u00a0il Papa copto ortodosso e Patriarca di Alessandria, S.S. Tawadros II . Sono infine in programma: l&#8217;inaugurazione di un nuovo ambulatorio dell\u2019ospedale italiano del Cairo \u201cUmberto I\u201d; la visita alla mostra di reperti trafugati in Italia e recentemente restituiti nonche&#8217; all&#8217;esposizione degli oggetti scavati da missioni archeologiche italiane presso il Museo Egizio di Piazza Tahrir; nonche&#8217; una visita al Grand Egyptian Museum.<\/p>\n<p>\u00a0<\/p>\n","protected":false},"excerpt":{"rendered":"\u00a0 Il\u00a0Ministro degli Affari Esteri e della Cooperazione Internazionale, Enzo Moavero Milanesi, \u00e8 da\u00a0ieri al Cairo per una serie di incontri con Autorit\u00e0 politiche e religiose del Paese. Nel corso della visita, avr\u00e0 colloqui con il Presidente Sisi, il Primo Ministro Mabdouli, nonch\u00e9 con il suo omologo, il Ministro Shoukry e il Ministro delle Antichit\u00e0, [&hellip;]","protected":false},"author":1,"featured_media":0,"comment_status":"","ping_status":"","sticky":false,"template":"","format":"standard","meta":{"footnotes":""},"categories":[2],"tags":[6,76],"class_list":["post-50489","post","type-post","status-publish","format-standard","hentry","category-approfondimenti","tag-mediterraneo-e-medio-oriente","tag-ministri-precedenti"],"_links":{"self":[{"href":"https:\/\/www.esteri.it\/it\/wp-json\/wp\/v2\/posts\/50489","targetHints":{"allow":["GET"]}}],"collection":[{"href":"https:\/\/www.esteri.it\/it\/wp-json\/wp\/v2\/posts"}],"about":[{"href":"https:\/\/www.esteri.it\/it\/wp-json\/wp\/v2\/types\/post"}],"author":[{"embeddable":true,"href":"https:\/\/www.esteri.it\/it\/wp-json\/wp\/v2\/users\/1"}],"replies":[{"embeddable":true,"href":"https:\/\/www.esteri.it\/it\/wp-json\/wp\/v2\/comments?post=50489"}],"version-history":[{"count":0,"href":"https:\/\/www.esteri.it\/it\/wp-json\/wp\/v2\/posts\/50489\/revisions"}],"wp:attachment":[{"href":"https:\/\/www.esteri.it\/it\/wp-json\/wp\/v2\/media?parent=50489"}],"wp:term":[{"taxonomy":"category","embeddable":true,"href":"https:\/\/www.esteri.it\/it\/wp-json\/wp\/v2\/categories?post=50489"},{"taxonomy":"post_tag","embeddable":true,"href":"https:\/\/www.esteri.it\/it\/wp-json\/wp\/v2\/tags?post=50489"}],"curies":[{"name":"wp","href":"https:\/\/api.w.org\/{rel}","templated":true}]}}