{"id":50548,"date":"2018-06-08T16:24:30","date_gmt":"2018-06-08T14:24:30","guid":{"rendered":"https:\/\/www.esteri.it\/sala_stampa\/archivionotizie\/comunicati\/2018\/06\/fare-cinema-in-ungheria-22-29-maggio-2018\/"},"modified":"2018-06-08T16:24:30","modified_gmt":"2018-06-08T14:24:30","slug":"fare-cinema-in-ungheria-22-29-maggio-2018","status":"publish","type":"post","link":"https:\/\/www.esteri.it\/it\/sala_stampa\/archivionotizie\/approfondimenti\/2018\/06\/fare-cinema-in-ungheria-22-29-maggio-2018\/","title":{"rendered":"\u201cFARE CINEMA\u201d in Ungheria \u2013 22\/29 Maggio 2018"},"content":{"rendered":"<p>Molteplici gli eventi organizzati dall\u2019Istituto Italiano di Cultura di Budapest nell\u2019ambito della prima edizione di \u201cFare Cinema \u2013 \u00a0settimana del cinema italiano nel mondo\u201d, a Budapest e a Eger (nell\u2019Ungheria Nord-Orientale).<\/p>\n<p>I programmi di <strong>Budapest <\/strong>sono stati incentrati sulla presenza dell\u2019 \u201cAmbasciatore del cinema italiano\u201d, il Direttore della Fotografia Paolo Ferrari, e \u2013 in occasione dell\u2019evento conclusivo della Settimana &#8211; del regista Edoardo Falcone.<\/p>\n<p>Marted\u00ec 22 maggio Paolo Ferrari ha incontrato gli allievi del corso internazionale dell\u2019Universit\u00e0 del Cinema di Budapest (Filmm\u0171v\u00e9szeti Egyetem) che studiano fotografia cinematografica e cinema documentario. L\u2019incontro \u00e8 stato preceduto dalla proiezione del documentario \u201cHappy Winter\u201d (2017) di Giovanni Totaro, della cui fotografia \u00e8 autore lo stesso Paolo Ferrari; mercoled\u00ec 23 maggio presso il Cinema Kino Caf\u00e9 Mozi \u00a0la proiezione di \u201cHappy Winter\u201d\u00e8 stata offerta al pubblico generico, seguita anche qui da un incontro con il \u201ccinematographer\u201d Paolo Ferrari.<\/p>\n<p>Marted\u00ec 29 maggio, presso il Cinema Puskin si \u00e8 tenuta la presentazione del film \u201cQuestione di Karma\u201d (2017) alla presenza del regista Edoardo Falcone, che dopo il film ha risposto alle numerose domande del pubblico. La grande attesa per questo evento \u00e8 testimoniata dal fatto che gi\u00e0 da due settimane il cinema aveva registrato per questo evento il tutto esaurito, dovuto senza dubbio al grande successo che aveva avuto in Ungheria il precedente film di Falcone (\u201cSe Dio vuole\u201d).<\/p>\n<p>Il giorno precedente (luned\u00ec 29 maggio) il regista Edoardo Falcone aveva incontrato gli studenti del Liceo Bilingue \u201cSzent L\u00e1szl\u00f3\u201d di Budapest per un incontro appassionato che verteva sul suo film \u201cSe Dio vuole\u201d (2014).<\/p>\n<p>All\u2019inaugurazione di \u201cFare Cinema\u201d a Eger (marted\u00ec 22 maggio) oltre al Sindaco della citt\u00e0, L\u00e1szl\u00f3 Habis, hanno partecipato il Dott. Gian Luca Borghese, Direttore dell\u2019Istituto Italiano di Cultura e il famoso regista e direttore della fotografia Lajos Koltai che tra le sue numerose collaborazioni internazionali ha lavorato diverse volte anche con Giuseppe Tornatore (nel 2000 \u00e8 stato premiato con il David di Donatello per la fotografia del film <i>Malena<\/i>).<\/p>\n<p>La manifestazione si \u00e8 svolta presso il cinema Ur\u00e1nia di Eger tra il 22 e il 25 maggio, e il pubblico cittadino ha potuto assistere alle proiezioni anche di film italiani degli ultimi anni, come <i>Tutto quello che vuoi <\/i>(2017) di Francesco Bruni (film inaugurale) o <i>Perfetti sconosciuti <\/i>(2016) di Paolo Genovese (questo film ha ottenuto grandissimo successo in Ungheria, e anche oggi \u2013 a distanza ormai di quasi un anno e mezzo dalla sua uscita \u2013 continua ad essere in programma nelle sale cinematografiche ungheresi). In programma anche: <i>La bella gente <\/i>di Ivano De Matteo, <i>Gente di Roma <\/i>di Ettore Scola, <i>Puccini e la fanciulla <\/i>di Paolo Benvenuti, <i>Il profumo del tempo delle favole <\/i>di Mauro Caputo e <i>Noi eravamo <\/i>di Leonardo Tiberi).<\/p>\n<p>Anche la Rassegna di Eger ha visto la partecipazione di Paolo Ferrari, il quale gioved\u00ec 24 maggio ha presentato il film \u201cHappy Winter\u201d di Giovanni Totaro, rispondendo dopo la proiezione alle domande degli interessatissimi spettatori.<\/p>\n<p>Tutto l\u2019evento \u201cFare Cinema\u201d ha dimostrato nuovamente il grande interesse ed entusiasmo che il pubblico ungherese nutre per la pi\u00f9 recente produzione cinematografica italiana, confermando che i film italiani di qualit\u00e0 sono sempre molto apprezzati in Ungheria.<\/p>\n","protected":false},"excerpt":{"rendered":"Molteplici gli eventi organizzati dall\u2019Istituto Italiano di Cultura di Budapest nell\u2019ambito della prima edizione di \u201cFare Cinema \u2013 \u00a0settimana del cinema italiano nel mondo\u201d, a Budapest e a Eger (nell\u2019Ungheria Nord-Orientale). I programmi di Budapest sono stati incentrati sulla presenza dell\u2019 \u201cAmbasciatore del cinema italiano\u201d, il Direttore della Fotografia Paolo Ferrari, e \u2013 in occasione [&hellip;]","protected":false},"author":1,"featured_media":0,"comment_status":"","ping_status":"","sticky":false,"template":"","format":"standard","meta":{"footnotes":""},"categories":[2],"tags":[32,316],"class_list":["post-50548","post","type-post","status-publish","format-standard","hentry","category-approfondimenti","tag-diplomazia-culturale","tag-fare-cinema"],"_links":{"self":[{"href":"https:\/\/www.esteri.it\/it\/wp-json\/wp\/v2\/posts\/50548","targetHints":{"allow":["GET"]}}],"collection":[{"href":"https:\/\/www.esteri.it\/it\/wp-json\/wp\/v2\/posts"}],"about":[{"href":"https:\/\/www.esteri.it\/it\/wp-json\/wp\/v2\/types\/post"}],"author":[{"embeddable":true,"href":"https:\/\/www.esteri.it\/it\/wp-json\/wp\/v2\/users\/1"}],"replies":[{"embeddable":true,"href":"https:\/\/www.esteri.it\/it\/wp-json\/wp\/v2\/comments?post=50548"}],"version-history":[{"count":0,"href":"https:\/\/www.esteri.it\/it\/wp-json\/wp\/v2\/posts\/50548\/revisions"}],"wp:attachment":[{"href":"https:\/\/www.esteri.it\/it\/wp-json\/wp\/v2\/media?parent=50548"}],"wp:term":[{"taxonomy":"category","embeddable":true,"href":"https:\/\/www.esteri.it\/it\/wp-json\/wp\/v2\/categories?post=50548"},{"taxonomy":"post_tag","embeddable":true,"href":"https:\/\/www.esteri.it\/it\/wp-json\/wp\/v2\/tags?post=50548"}],"curies":[{"name":"wp","href":"https:\/\/api.w.org\/{rel}","templated":true}]}}