{"id":50564,"date":"2018-05-24T19:14:02","date_gmt":"2018-05-24T17:14:02","guid":{"rendered":"https:\/\/www.esteri.it\/sala_stampa\/archivionotizie\/comunicati\/2018\/05\/herworldourworld\/"},"modified":"2018-05-24T19:14:02","modified_gmt":"2018-05-24T17:14:02","slug":"herworldourworld","status":"publish","type":"post","link":"https:\/\/www.esteri.it\/it\/sala_stampa\/archivionotizie\/approfondimenti\/2018\/05\/herworldourworld\/","title":{"rendered":"HerWorldOurWorld"},"content":{"rendered":"<p>Sensibilizzare l\u2019opinione pubblica europea, e in particolare i giovani, sull\u2019impegno dell\u2019Unione Europea e dei 27 nella promozione della parit\u00e0 di genere, in particolare rispetto alle iniziative di sviluppo realizzate nei Paesi partner.\u00a0<\/p>\n<p>Nasce per questo \u201cHerWorldOurWorld\u201d, un evento promosso dalla Commissione Europea e realizzato dalla Farnesina, in collaborazione con l\u2019Agenzia per la cooperazione allo sviluppo, il 25 maggio. In contemporanea con altre capitali europee che hanno aderito all\u2019iniziativa, dalle 9.00 alle 18.00 uno stand in Piazza del Popolo illustrer\u00e0 il tema dell\u2019uguaglianza di genere cercando di sensibilizzare i partecipanti con display audiovisivi, materiale informatico e diverse attivit\u00e0. Volto dell\u2019iniziativa la giornalista Tiziana Ferrario come testimonial, mentre per la Farnesina \u00e8 prevista la partecipazione del segretario generale Elisabetta Belloni, di Giorgio Marrapodi, direttore generale della Cooperazione allo sviluppo, oltre a Lorenzo Carmenati, direttore dell\u2019Aics .<\/p>\n<p>Per promuovere l\u2019iniziativa, per la quale \u00e8 stata scelta una piazza che assicura la possibilit\u00e0 di accogliere un grande numero di persone, \u00e8 stata inoltre prevista una campagna europea congiunta, cominciata venerd\u00ec 11 maggio con lanci sulle piattaforme del ministero degli Esteri e della direzione della Cooperazione allo sviluppo, oltre che di quelli degli altri Paesi Ue.<\/p>\n<p>Ma l\u2019iniziativa non si esaurir\u00e0 venerd\u00ec. Il 15 e il 16 giugno a Bruxelles gli European Development Days, organizzati dalla Commissione, promuoveranno il gender quale motore di sviluppo nei paesi in cui si realizzano attivit\u00e0 di cooperazione internazionale.<\/p>\n","protected":false},"excerpt":{"rendered":"Sensibilizzare l\u2019opinione pubblica europea, e in particolare i giovani, sull\u2019impegno dell\u2019Unione Europea e dei 27 nella promozione della parit\u00e0 di genere, in particolare rispetto alle iniziative di sviluppo realizzate nei Paesi partner.\u00a0 Nasce per questo \u201cHerWorldOurWorld\u201d, un evento promosso dalla Commissione Europea e realizzato dalla Farnesina, in collaborazione con l\u2019Agenzia per la cooperazione allo sviluppo, [&hellip;]","protected":false},"author":1,"featured_media":0,"comment_status":"","ping_status":"","sticky":false,"template":"","format":"standard","meta":{"footnotes":""},"categories":[2],"tags":[],"class_list":["post-50564","post","type-post","status-publish","format-standard","hentry","category-approfondimenti"],"_links":{"self":[{"href":"https:\/\/www.esteri.it\/it\/wp-json\/wp\/v2\/posts\/50564","targetHints":{"allow":["GET"]}}],"collection":[{"href":"https:\/\/www.esteri.it\/it\/wp-json\/wp\/v2\/posts"}],"about":[{"href":"https:\/\/www.esteri.it\/it\/wp-json\/wp\/v2\/types\/post"}],"author":[{"embeddable":true,"href":"https:\/\/www.esteri.it\/it\/wp-json\/wp\/v2\/users\/1"}],"replies":[{"embeddable":true,"href":"https:\/\/www.esteri.it\/it\/wp-json\/wp\/v2\/comments?post=50564"}],"version-history":[{"count":0,"href":"https:\/\/www.esteri.it\/it\/wp-json\/wp\/v2\/posts\/50564\/revisions"}],"wp:attachment":[{"href":"https:\/\/www.esteri.it\/it\/wp-json\/wp\/v2\/media?parent=50564"}],"wp:term":[{"taxonomy":"category","embeddable":true,"href":"https:\/\/www.esteri.it\/it\/wp-json\/wp\/v2\/categories?post=50564"},{"taxonomy":"post_tag","embeddable":true,"href":"https:\/\/www.esteri.it\/it\/wp-json\/wp\/v2\/tags?post=50564"}],"curies":[{"name":"wp","href":"https:\/\/api.w.org\/{rel}","templated":true}]}}