{"id":50598,"date":"2018-05-21T15:19:51","date_gmt":"2018-05-21T13:19:51","guid":{"rendered":"https:\/\/www.esteri.it\/sala_stampa\/archivionotizie\/comunicati\/2018\/05\/argentina-fare-cinema-a-cordoba-colonia-caraya-san-francisco-e-santiago-del-estero\/"},"modified":"2018-05-21T15:19:51","modified_gmt":"2018-05-21T13:19:51","slug":"argentina-fare-cinema-a-cordoba-colonia-caraya-san-francisco-e-santiago-del-estero","status":"publish","type":"post","link":"https:\/\/www.esteri.it\/it\/sala_stampa\/archivionotizie\/approfondimenti\/2018\/05\/argentina-fare-cinema-a-cordoba-colonia-caraya-san-francisco-e-santiago-del-estero\/","title":{"rendered":"ARGENTINA \u2013 \u201cFare Cinema\u201d a Cordoba, Colonia Caraya, San Francisco e Santiago Del Estero."},"content":{"rendered":"<p>Dal <strong>21 al 27 maggio<\/strong>, nell\u2019ambito di \u201cFare Cinema\u201d si terr\u00e0 una serie di proiezioni nelle citt\u00e0 di Cordoba, Colonia Caraya, San Francisco e Santiago Del Estero. Il <strong>29 maggio<\/strong> \u00e8 previsto l\u2019incontro con il compositore, <strong>Giuliano Taviani<\/strong> a Cordoba.<\/p>\n<p><a href=\"https:\/\/iiccordoba.esteri.it\/iic_cordoba\/it\/gli_eventi\/calendario.html\">https:\/\/iiccordoba.esteri.it\/iic_cordoba\/it\/gli_eventi\/calendario.html<\/a><\/p>\n","protected":false},"excerpt":{"rendered":"Dal 21 al 27 maggio, nell\u2019ambito di \u201cFare Cinema\u201d si terr\u00e0 una serie di proiezioni nelle citt\u00e0 di Cordoba, Colonia Caraya, San Francisco e Santiago Del Estero. Il 29 maggio \u00e8 previsto l\u2019incontro con il compositore, Giuliano Taviani a Cordoba. https:\/\/iiccordoba.esteri.it\/iic_cordoba\/it\/gli_eventi\/calendario.html","protected":false},"author":1,"featured_media":0,"comment_status":"","ping_status":"","sticky":false,"template":"","format":"standard","meta":{"footnotes":""},"categories":[2],"tags":[316],"class_list":["post-50598","post","type-post","status-publish","format-standard","hentry","category-approfondimenti","tag-fare-cinema"],"_links":{"self":[{"href":"https:\/\/www.esteri.it\/it\/wp-json\/wp\/v2\/posts\/50598","targetHints":{"allow":["GET"]}}],"collection":[{"href":"https:\/\/www.esteri.it\/it\/wp-json\/wp\/v2\/posts"}],"about":[{"href":"https:\/\/www.esteri.it\/it\/wp-json\/wp\/v2\/types\/post"}],"author":[{"embeddable":true,"href":"https:\/\/www.esteri.it\/it\/wp-json\/wp\/v2\/users\/1"}],"replies":[{"embeddable":true,"href":"https:\/\/www.esteri.it\/it\/wp-json\/wp\/v2\/comments?post=50598"}],"version-history":[{"count":0,"href":"https:\/\/www.esteri.it\/it\/wp-json\/wp\/v2\/posts\/50598\/revisions"}],"wp:attachment":[{"href":"https:\/\/www.esteri.it\/it\/wp-json\/wp\/v2\/media?parent=50598"}],"wp:term":[{"taxonomy":"category","embeddable":true,"href":"https:\/\/www.esteri.it\/it\/wp-json\/wp\/v2\/categories?post=50598"},{"taxonomy":"post_tag","embeddable":true,"href":"https:\/\/www.esteri.it\/it\/wp-json\/wp\/v2\/tags?post=50598"}],"curies":[{"name":"wp","href":"https:\/\/api.w.org\/{rel}","templated":true}]}}