{"id":5129,"date":"2016-04-28T19:51:13","date_gmt":"2016-04-28T17:51:13","guid":{"rendered":"https:\/\/www.esteri.it\/sala_stampa\/archivionotizie\/comunicati\/2016\/04\/siria-il-ministro-gentiloni-segue\/"},"modified":"2016-04-28T19:51:13","modified_gmt":"2016-04-28T17:51:13","slug":"siria-il-ministro-gentiloni-segue","status":"publish","type":"post","link":"https:\/\/www.esteri.it\/it\/sala_stampa\/archivionotizie\/comunicati\/2016\/04\/siria-il-ministro-gentiloni-segue\/","title":{"rendered":"Siria: il Ministro Gentiloni segue con la massima attenzione l\u2019andamento del processo negoziale. Preoccupazione per condizioni umanitarie. Pieno sostegno all\u2019Inviato Speciale de Mistura"},"content":{"rendered":"<p>Il Ministro degli Affari Esteri e della Cooperazione Internazionale, Paolo Gentiloni, segue con la massima attenzione l\u2019andamento del processo negoziale avviato a Ginevra tra il Governo siriano e l\u2019Alto Comitato per i Negoziati (HNC), per poter pervenire a una soluzione politica inclusiva e credibile al conflitto siriano. Ha preso favorevolmente nota del Mediator\u2019s Summary presentato dall\u2019Inviato Speciale dell\u2019ONU Staffan de Mistura al termine del terzo round negoziale (13-27 aprile u.s.), che identifica alcuni punti di convergenza tra le parti e le questioni prioritarie relative alla \u201ctransitional governance\u201d su cui occorrer\u00e0 lavorare in sede negoziale.<\/p>\n<p>Il Ministro Gentiloni \u00e8 preoccupato per la grave recrudescenza delle violenze in Siria, ed in particolare per i bombardamenti aerei indiscriminati da parte del regime che stanno mettendo a rischio la tenuta della cessazione delle ostilit\u00e0. \u00c8 altres\u00ec preoccupato per il perdurare di drammatiche condizioni umanitarie in alcune aree sotto assedio da parte del regime.<\/p>\n<p>In linea con le valutazioni dell\u2019Inviato Speciale de Mistura, \u00e8 opportuno un rilancio dell\u2019azione del Gruppo di supporto internazionale per la Siria (ISSG) a sostegno di un effettivo riconsolidamento della tregua e di un pieno e libero accesso degli aiuti umanitari, in linea con le conclusioni della riunione ISSG di Monaco del febbraio scorso, onde creare condizioni favorevoli per una fattiva ripresa dei negoziati politici intra-siriani a Ginevra nelle prossime settimane.<\/p>\n<p>Il Ministro Gentiloni ha confermato il pieno sostegno agli sforzi dell\u2019Inviato Speciale de Mistura per promuovere una transizione politica in linea con il Comunicato di Ginevra e la Risoluzione 2254 del Consiglio di Sicurezza dell\u2019ONU e l\u2019impegno a rafforzare ulteriormente il ruolo ed i risultati delle Task Force dell\u2019ISSG sulla cessazione delle ostilit\u00e0 e sulle questioni umanitarie, operanti a Ginevra, cui l\u2019Italia partecipa attivamente.<\/p>\n","protected":false},"excerpt":{"rendered":"Il Ministro degli Affari Esteri e della Cooperazione Internazionale, Paolo Gentiloni, segue con la massima attenzione l\u2019andamento del processo negoziale avviato a Ginevra tra il Governo siriano e l\u2019Alto Comitato per i Negoziati (HNC), per poter pervenire a una soluzione politica inclusiva e credibile al conflitto siriano. Ha preso favorevolmente nota del Mediator\u2019s Summary presentato [&hellip;]","protected":false},"author":1,"featured_media":0,"comment_status":"","ping_status":"","sticky":false,"template":"","format":"standard","meta":{"footnotes":""},"categories":[1],"tags":[6,76,404],"class_list":["post-5129","post","type-post","status-publish","format-standard","hentry","category-comunicati","tag-mediterraneo-e-medio-oriente","tag-ministri-precedenti","tag-sicurezza"],"_links":{"self":[{"href":"https:\/\/www.esteri.it\/it\/wp-json\/wp\/v2\/posts\/5129","targetHints":{"allow":["GET"]}}],"collection":[{"href":"https:\/\/www.esteri.it\/it\/wp-json\/wp\/v2\/posts"}],"about":[{"href":"https:\/\/www.esteri.it\/it\/wp-json\/wp\/v2\/types\/post"}],"author":[{"embeddable":true,"href":"https:\/\/www.esteri.it\/it\/wp-json\/wp\/v2\/users\/1"}],"replies":[{"embeddable":true,"href":"https:\/\/www.esteri.it\/it\/wp-json\/wp\/v2\/comments?post=5129"}],"version-history":[{"count":0,"href":"https:\/\/www.esteri.it\/it\/wp-json\/wp\/v2\/posts\/5129\/revisions"}],"wp:attachment":[{"href":"https:\/\/www.esteri.it\/it\/wp-json\/wp\/v2\/media?parent=5129"}],"wp:term":[{"taxonomy":"category","embeddable":true,"href":"https:\/\/www.esteri.it\/it\/wp-json\/wp\/v2\/categories?post=5129"},{"taxonomy":"post_tag","embeddable":true,"href":"https:\/\/www.esteri.it\/it\/wp-json\/wp\/v2\/tags?post=5129"}],"curies":[{"name":"wp","href":"https:\/\/api.w.org\/{rel}","templated":true}]}}