{"id":51747,"date":"2017-03-01T12:56:56","date_gmt":"2017-03-01T11:56:56","guid":{"rendered":"https:\/\/www.esteri.it\/sala_stampa\/archivionotizie\/comunicati\/2017\/03\/europa-asia-si-celebra-oggi-la\/"},"modified":"2017-03-01T12:56:56","modified_gmt":"2017-03-01T11:56:56","slug":"europa-asia-si-celebra-oggi-la","status":"publish","type":"post","link":"https:\/\/www.esteri.it\/it\/sala_stampa\/archivionotizie\/approfondimenti\/2017\/03\/europa-asia-si-celebra-oggi-la\/","title":{"rendered":"Europa-Asia &#8211; Si celebra oggi la Giornata dell\u2019ASEM"},"content":{"rendered":"<p>Il 1 marzo, si celebra il\u00a0 21mo anniversario dell\u2019Asia- Europe Meeting (ASEM), il foro di dialogo tra i Paesi dell\u2019Asia e dell\u2019Europa che comprende 53 partner delle due Regioni.<\/p>\n<p>La Prima Conferenza ASEM si svolse infatti a Bangkok il 1-2 marzo 1996,\u00a0 inaugurando un nuovo processo di dialogo e di cooperazione tra 26 partner fondatori: gli allora Paesi dell\u2019UE, la Commissione Europea, gli allora 7 Paesi dell\u2019ASEAN (<i>Association of Southeast Asian Nations<\/i>), Cina, Corea e Giappone.<\/p>\n<p>Da allora, questo processo si \u00e8 gradualmente rafforzato, allargandosi da 26 a 53 partner. Nel corso degli anni vi hanno infatti aderito anche Paesi non- UE e non-ASEAN, come la Norvegia e la Svizzera, nonch\u00e9 Australia, Bangladesh, India,\u00a0 Kazakhstan, Mongolia, Nuova Zelanda, Pakistan e Russia. Una formazione che ha raggiunto la sua attuale estensione proprio in occasione del 10\u00b0 Vertice ASEM che l\u2019Italia ha ospitato a Milano nell\u2019ottobre 2014, durante il Semestre di Presidenza dell\u2019Unione Europea.<\/p>\n<p>L\u2019interesse di questo processo riposa nella multidimensionalit\u00e0 del suo dialogo politico, economico e culturale, che mira a coinvolgere anche la societ\u00e0 civile. Nel corso degli anni, sono aumentate le occasioni di scambio e di incontro, nonch\u00e9 le iniziative volte ad approfondire la collaborazione su specifici temi di comune interesse, tra cui lo sviluppo sostenibile, l\u2019ambiente e altre questioni legate alla sicurezza non-tradizionale.<\/p>\n<p>A partire dal 10\u00b0 Vertice di Milano, l\u2019ASEM ha inoltre avviato un\u00a0 dibattito sui temi legati alla \u2018connettivit\u00e0\u2019 tra l\u2019Asia e l\u2019Europa, proponendosi come un foro di comune riflessione\u00a0 su un argomento sempre pi\u00f9 centrale per il futuro delle due regioni. Un obiettivo che i leader europei ed asiatici hanno ribadito anche in occasione dell\u2019ultimo Vertice ASEM in Mongolia, lo scorso luglio 2016, inaugurando la nuova e terza decade dell\u2019ASEM.\u00a0<\/p>\n","protected":false},"excerpt":{"rendered":"Il 1 marzo, si celebra il\u00a0 21mo anniversario dell\u2019Asia- Europe Meeting (ASEM), il foro di dialogo tra i Paesi dell\u2019Asia e dell\u2019Europa che comprende 53 partner delle due Regioni. La Prima Conferenza ASEM si svolse infatti a Bangkok il 1-2 marzo 1996,\u00a0 inaugurando un nuovo processo di dialogo e di cooperazione tra 26 partner fondatori: [&hellip;]","protected":false},"author":1,"featured_media":0,"comment_status":"","ping_status":"","sticky":false,"template":"","format":"standard","meta":{"footnotes":""},"categories":[2],"tags":[45,9,42],"class_list":["post-51747","post","type-post","status-publish","format-standard","hentry","category-approfondimenti","tag-asia-e-oceania","tag-europa","tag-unione-europea"],"_links":{"self":[{"href":"https:\/\/www.esteri.it\/it\/wp-json\/wp\/v2\/posts\/51747","targetHints":{"allow":["GET"]}}],"collection":[{"href":"https:\/\/www.esteri.it\/it\/wp-json\/wp\/v2\/posts"}],"about":[{"href":"https:\/\/www.esteri.it\/it\/wp-json\/wp\/v2\/types\/post"}],"author":[{"embeddable":true,"href":"https:\/\/www.esteri.it\/it\/wp-json\/wp\/v2\/users\/1"}],"replies":[{"embeddable":true,"href":"https:\/\/www.esteri.it\/it\/wp-json\/wp\/v2\/comments?post=51747"}],"version-history":[{"count":0,"href":"https:\/\/www.esteri.it\/it\/wp-json\/wp\/v2\/posts\/51747\/revisions"}],"wp:attachment":[{"href":"https:\/\/www.esteri.it\/it\/wp-json\/wp\/v2\/media?parent=51747"}],"wp:term":[{"taxonomy":"category","embeddable":true,"href":"https:\/\/www.esteri.it\/it\/wp-json\/wp\/v2\/categories?post=51747"},{"taxonomy":"post_tag","embeddable":true,"href":"https:\/\/www.esteri.it\/it\/wp-json\/wp\/v2\/tags?post=51747"}],"curies":[{"name":"wp","href":"https:\/\/api.w.org\/{rel}","templated":true}]}}