{"id":5178,"date":"2016-04-02T14:45:02","date_gmt":"2016-04-02T12:45:02","guid":{"rendered":"https:\/\/www.esteri.it\/sala_stampa\/archivionotizie\/comunicati\/2016\/04\/siria-condanna-dei-bombardamenti\/"},"modified":"2016-04-02T14:45:02","modified_gmt":"2016-04-02T12:45:02","slug":"siria-condanna-dei-bombardamenti","status":"publish","type":"post","link":"https:\/\/www.esteri.it\/it\/sala_stampa\/archivionotizie\/comunicati\/2016\/04\/siria-condanna-dei-bombardamenti\/","title":{"rendered":"Siria &#8211; Condanna dei bombardamenti aerei a Deir Al Assafir"},"content":{"rendered":"<p>Il Ministero degli Affari Esteri e della Cooperazione Internazionale condanna fermamente i bombardamenti aerei dello scorso 31 marzo contro strutture civili a Deir al Assafir, alla periferia di Damasco, presumibilmente condotti dalle forze del regime di Assad, che hanno causato la perdita di decine di vite, tra cui quelle di molte donne e bambini.<\/p>\n<p>La Farnesina richiama tutte le parti al rispetto delle norme pi\u00f9 elementari del diritto internazionale e degli accordi di cessazione delle ostilit\u00e0, nonch\u00e9 della Risoluzione 2254 del Consiglio di Sicurezza delle Nazioni Unite.\u00a0<\/p>\n<p>Facciamo appello a tutte le parti affinch\u00e9 cessi ogni attacco contro la popolazione civile e si persegua con reale determinazione una soluzione politica alla crisi siriana.<\/p>\n","protected":false},"excerpt":{"rendered":"Il Ministero degli Affari Esteri e della Cooperazione Internazionale condanna fermamente i bombardamenti aerei dello scorso 31 marzo contro strutture civili a Deir al Assafir, alla periferia di Damasco, presumibilmente condotti dalle forze del regime di Assad, che hanno causato la perdita di decine di vite, tra cui quelle di molte donne e bambini. La [&hellip;]","protected":false},"author":1,"featured_media":0,"comment_status":"","ping_status":"","sticky":false,"template":"","format":"standard","meta":{"footnotes":""},"categories":[1],"tags":[43,6,404],"class_list":["post-5178","post","type-post","status-publish","format-standard","hentry","category-comunicati","tag-diritti-umani","tag-mediterraneo-e-medio-oriente","tag-sicurezza"],"_links":{"self":[{"href":"https:\/\/www.esteri.it\/it\/wp-json\/wp\/v2\/posts\/5178","targetHints":{"allow":["GET"]}}],"collection":[{"href":"https:\/\/www.esteri.it\/it\/wp-json\/wp\/v2\/posts"}],"about":[{"href":"https:\/\/www.esteri.it\/it\/wp-json\/wp\/v2\/types\/post"}],"author":[{"embeddable":true,"href":"https:\/\/www.esteri.it\/it\/wp-json\/wp\/v2\/users\/1"}],"replies":[{"embeddable":true,"href":"https:\/\/www.esteri.it\/it\/wp-json\/wp\/v2\/comments?post=5178"}],"version-history":[{"count":0,"href":"https:\/\/www.esteri.it\/it\/wp-json\/wp\/v2\/posts\/5178\/revisions"}],"wp:attachment":[{"href":"https:\/\/www.esteri.it\/it\/wp-json\/wp\/v2\/media?parent=5178"}],"wp:term":[{"taxonomy":"category","embeddable":true,"href":"https:\/\/www.esteri.it\/it\/wp-json\/wp\/v2\/categories?post=5178"},{"taxonomy":"post_tag","embeddable":true,"href":"https:\/\/www.esteri.it\/it\/wp-json\/wp\/v2\/tags?post=5178"}],"curies":[{"name":"wp","href":"https:\/\/api.w.org\/{rel}","templated":true}]}}