{"id":5231,"date":"2016-03-08T19:57:20","date_gmt":"2016-03-08T18:57:20","guid":{"rendered":"https:\/\/www.esteri.it\/sala_stampa\/archivionotizie\/comunicati\/2016\/03\/adozioni-autorizzazione-delle-autorita\/"},"modified":"2016-03-08T19:57:20","modified_gmt":"2016-03-08T18:57:20","slug":"adozioni-autorizzazione-delle-autorita","status":"publish","type":"post","link":"https:\/\/www.esteri.it\/it\/sala_stampa\/archivionotizie\/comunicati\/2016\/03\/adozioni-autorizzazione-delle-autorita\/","title":{"rendered":"Adozioni: autorizzazione delle Autorit\u00e0 della Repubblica Democratica del Congo al ricongiungimento di 66 bambini con le famiglie di adozione in Italia"},"content":{"rendered":"<p>Il Ministro degli Affari Esteri Paolo Gentiloni accoglie con soddisfazione l&#8217;annuncio delle Autorit\u00e0 della Repubblica Democratica del Congo\u00a0&#8211; trasmesso tramite l&#8217;Ambasciata d\u2019Italia a Kinshasa &#8211; che autorizza ulteriori 66 bambini a ricongiungersi con le famiglie adottive in Italia.<\/p>\n<p>Questo nuovo gruppo di bambini si aggiunge ai 14 gi\u00e0 autorizzati da met\u00e0 febbraio. Auspicando che la buona cooperazione in corso con le Autorit\u00e0 congolesi possa proseguire, il Ministro Gentiloni confida ora nella spedita azione della Commissione Adozioni Internazionali affinch\u00e9 le procedure vengano completate e i bambini possano presto abbracciare le famiglie adottive.\u00a0<\/p>\n","protected":false},"excerpt":{"rendered":"Il Ministro degli Affari Esteri Paolo Gentiloni accoglie con soddisfazione l&#8217;annuncio delle Autorit\u00e0 della Repubblica Democratica del Congo\u00a0&#8211; trasmesso tramite l&#8217;Ambasciata d\u2019Italia a Kinshasa &#8211; che autorizza ulteriori 66 bambini a ricongiungersi con le famiglie adottive in Italia. Questo nuovo gruppo di bambini si aggiunge ai 14 gi\u00e0 autorizzati da met\u00e0 febbraio. Auspicando che la [&hellip;]","protected":false},"author":1,"featured_media":0,"comment_status":"","ping_status":"","sticky":false,"template":"","format":"standard","meta":{"footnotes":""},"categories":[1],"tags":[7],"class_list":["post-5231","post","type-post","status-publish","format-standard","hentry","category-comunicati","tag-italiani-nel-mondo"],"_links":{"self":[{"href":"https:\/\/www.esteri.it\/it\/wp-json\/wp\/v2\/posts\/5231","targetHints":{"allow":["GET"]}}],"collection":[{"href":"https:\/\/www.esteri.it\/it\/wp-json\/wp\/v2\/posts"}],"about":[{"href":"https:\/\/www.esteri.it\/it\/wp-json\/wp\/v2\/types\/post"}],"author":[{"embeddable":true,"href":"https:\/\/www.esteri.it\/it\/wp-json\/wp\/v2\/users\/1"}],"replies":[{"embeddable":true,"href":"https:\/\/www.esteri.it\/it\/wp-json\/wp\/v2\/comments?post=5231"}],"version-history":[{"count":0,"href":"https:\/\/www.esteri.it\/it\/wp-json\/wp\/v2\/posts\/5231\/revisions"}],"wp:attachment":[{"href":"https:\/\/www.esteri.it\/it\/wp-json\/wp\/v2\/media?parent=5231"}],"wp:term":[{"taxonomy":"category","embeddable":true,"href":"https:\/\/www.esteri.it\/it\/wp-json\/wp\/v2\/categories?post=5231"},{"taxonomy":"post_tag","embeddable":true,"href":"https:\/\/www.esteri.it\/it\/wp-json\/wp\/v2\/tags?post=5231"}],"curies":[{"name":"wp","href":"https:\/\/api.w.org\/{rel}","templated":true}]}}