{"id":53822,"date":"2016-03-21T13:31:39","date_gmt":"2016-03-21T12:31:39","guid":{"rendered":"https:\/\/www.esteri.it\/sala_stampa\/archivionotizie\/comunicati\/2016\/03\/l-iniziativa-diplomazia-e-comunicazione\/"},"modified":"2016-03-21T13:31:39","modified_gmt":"2016-03-21T12:31:39","slug":"l-iniziativa-diplomazia-e-comunicazione","status":"publish","type":"post","link":"https:\/\/www.esteri.it\/it\/sala_stampa\/archivionotizie\/approfondimenti\/2016\/03\/l-iniziativa-diplomazia-e-comunicazione\/","title":{"rendered":"L\u2019Iniziativa &#8211; Diplomazia e comunicazione, ecco l\u2019ambasciatore 2.0"},"content":{"rendered":"<p>La professione del diplomatico, agli occhi di molti, potrebbe sembrare datata e legata ancora al tempo di lunghe negoziazioni tra governi. In realt\u00e0, il mestiere del diplomatico nel XXI secolo corre al passo con i tempi ed \u00e8 chiamato a fare i conti con interdisciplinariet\u00e0, rapidit\u00e0 e capacit\u00e0 di comunicazione. Di \u201cDiplomazia e comunicazione oggi in Europa\u201d ne parler\u00e0 Pietro Benassi, ambasciatore d&#8217;Italia in Germania, in un incontro organizzato dal Dipartimento di Scienze della Comunicazione, Studi Umanistici e Internazionali (Discui) dell\u2019Universit\u00e0 degli Studi di Urbino Carlo Bo. L\u2019incontro, aperto alla discussione con studenti e docenti e con il pubblico, \u00e8 in programma luned\u00ec 21 marzo alle 11 presso l&#8217;Aula Magna del Dipartimento. L\u2019evento rientra nel ciclo di conferenze \u201cUna certa idea d\u2019Europa\u201d, dedicato ai rapporti interculturali della Germania.<\/p>\n","protected":false},"excerpt":{"rendered":"La professione del diplomatico, agli occhi di molti, potrebbe sembrare datata e legata ancora al tempo di lunghe negoziazioni tra governi. In realt\u00e0, il mestiere del diplomatico nel XXI secolo corre al passo con i tempi ed \u00e8 chiamato a fare i conti con interdisciplinariet\u00e0, rapidit\u00e0 e capacit\u00e0 di comunicazione. Di \u201cDiplomazia e comunicazione oggi [&hellip;]","protected":false},"author":1,"featured_media":0,"comment_status":"","ping_status":"","sticky":false,"template":"","format":"standard","meta":{"footnotes":""},"categories":[2],"tags":[32,9],"class_list":["post-53822","post","type-post","status-publish","format-standard","hentry","category-approfondimenti","tag-diplomazia-culturale","tag-europa"],"_links":{"self":[{"href":"https:\/\/www.esteri.it\/it\/wp-json\/wp\/v2\/posts\/53822","targetHints":{"allow":["GET"]}}],"collection":[{"href":"https:\/\/www.esteri.it\/it\/wp-json\/wp\/v2\/posts"}],"about":[{"href":"https:\/\/www.esteri.it\/it\/wp-json\/wp\/v2\/types\/post"}],"author":[{"embeddable":true,"href":"https:\/\/www.esteri.it\/it\/wp-json\/wp\/v2\/users\/1"}],"replies":[{"embeddable":true,"href":"https:\/\/www.esteri.it\/it\/wp-json\/wp\/v2\/comments?post=53822"}],"version-history":[{"count":0,"href":"https:\/\/www.esteri.it\/it\/wp-json\/wp\/v2\/posts\/53822\/revisions"}],"wp:attachment":[{"href":"https:\/\/www.esteri.it\/it\/wp-json\/wp\/v2\/media?parent=53822"}],"wp:term":[{"taxonomy":"category","embeddable":true,"href":"https:\/\/www.esteri.it\/it\/wp-json\/wp\/v2\/categories?post=53822"},{"taxonomy":"post_tag","embeddable":true,"href":"https:\/\/www.esteri.it\/it\/wp-json\/wp\/v2\/tags?post=53822"}],"curies":[{"name":"wp","href":"https:\/\/api.w.org\/{rel}","templated":true}]}}