{"id":5383,"date":"2015-12-03T19:16:12","date_gmt":"2015-12-03T18:16:12","guid":{"rendered":"https:\/\/www.esteri.it\/sala_stampa\/archivionotizie\/comunicati\/2015\/12\/giornata-internazionale-delle-persone\/"},"modified":"2015-12-03T19:16:12","modified_gmt":"2015-12-03T18:16:12","slug":"giornata-internazionale-delle-persone","status":"publish","type":"post","link":"https:\/\/www.esteri.it\/it\/sala_stampa\/archivionotizie\/comunicati\/2015\/12\/giornata-internazionale-delle-persone\/","title":{"rendered":"Giornata Internazionale delle Persone con Disabilit\u00e0"},"content":{"rendered":"<p>In occasione della Giornata Internazionale delle Persone con Disabilit\u00e0, il Ministero degli Affari Esteri e della Cooperazione Internazionale rinnova il proprio impegno a favore dei diritti all\u2019inclusione e alla non discriminazione nell\u2019ambiente di lavoro delle persone con disabilit\u00e0.<\/p>\n<p>Il MAECI ha formulato nuove linee guida per tutto il personale con indicazioni utili a garantire che i contenuti pubblicati sui portali online della Farnesina siano pienamente fruibili, senza discriminazioni, anche da parte di persone con disabilit\u00e0 visive e uditive.<\/p>\n<p>In parallelo, \u00e8 in via di definizione una Convenzione tra il MAECI e un\u2019associazione del settore che consentir\u00e0 a giovani portatori di disabilit\u00e0 di svolgere un tirocinio formativo presso il Ministero.<\/p>\n<p>Recentemente, sono state adottate misure per rafforzare la capacit\u00e0 dei programmi umanitari di rispondere ai bisogni delle persone con disabilit\u00e0 e un documento operativo per le iniziative in tema di educazione inclusiva delle persone con disabilit\u00e0.<\/p>\n","protected":false},"excerpt":{"rendered":"In occasione della Giornata Internazionale delle Persone con Disabilit\u00e0, il Ministero degli Affari Esteri e della Cooperazione Internazionale rinnova il proprio impegno a favore dei diritti all\u2019inclusione e alla non discriminazione nell\u2019ambiente di lavoro delle persone con disabilit\u00e0. Il MAECI ha formulato nuove linee guida per tutto il personale con indicazioni utili a garantire che [&hellip;]","protected":false},"author":1,"featured_media":0,"comment_status":"","ping_status":"","sticky":false,"template":"","format":"standard","meta":{"footnotes":""},"categories":[1],"tags":[29,43],"class_list":["post-5383","post","type-post","status-publish","format-standard","hentry","category-comunicati","tag-cooperazione-sviluppo","tag-diritti-umani"],"_links":{"self":[{"href":"https:\/\/www.esteri.it\/it\/wp-json\/wp\/v2\/posts\/5383","targetHints":{"allow":["GET"]}}],"collection":[{"href":"https:\/\/www.esteri.it\/it\/wp-json\/wp\/v2\/posts"}],"about":[{"href":"https:\/\/www.esteri.it\/it\/wp-json\/wp\/v2\/types\/post"}],"author":[{"embeddable":true,"href":"https:\/\/www.esteri.it\/it\/wp-json\/wp\/v2\/users\/1"}],"replies":[{"embeddable":true,"href":"https:\/\/www.esteri.it\/it\/wp-json\/wp\/v2\/comments?post=5383"}],"version-history":[{"count":0,"href":"https:\/\/www.esteri.it\/it\/wp-json\/wp\/v2\/posts\/5383\/revisions"}],"wp:attachment":[{"href":"https:\/\/www.esteri.it\/it\/wp-json\/wp\/v2\/media?parent=5383"}],"wp:term":[{"taxonomy":"category","embeddable":true,"href":"https:\/\/www.esteri.it\/it\/wp-json\/wp\/v2\/categories?post=5383"},{"taxonomy":"post_tag","embeddable":true,"href":"https:\/\/www.esteri.it\/it\/wp-json\/wp\/v2\/tags?post=5383"}],"curies":[{"name":"wp","href":"https:\/\/api.w.org\/{rel}","templated":true}]}}