{"id":54099,"date":"2016-02-17T11:56:17","date_gmt":"2016-02-17T10:56:17","guid":{"rendered":"https:\/\/www.esteri.it\/sala_stampa\/archivionotizie\/comunicati\/2016\/02\/il-segretario-generale-valensise\/"},"modified":"2016-02-17T11:56:17","modified_gmt":"2016-02-17T10:56:17","slug":"il-segretario-generale-valensise","status":"publish","type":"post","link":"https:\/\/www.esteri.it\/it\/sala_stampa\/archivionotizie\/approfondimenti\/2016\/02\/il-segretario-generale-valensise\/","title":{"rendered":"Il Segretario Generale Valensise a Vienna &#8211; Cooperazione con le Organizzazioni Internazionali e dialogo con l\u2019Austria"},"content":{"rendered":"<p>La cooperazione dell&#8217;Italia con le agenzie delle Nazioni Unite con sede a Vienna, con l\u2019OSCE e il dialogo con l\u2019Austria sono stati al centro degli incontri del Segretario Generale della Farnesina Michele Valensise nella capitale austriaca. Con i direttori dell&#8217;Ufficio delle Nazioni Unite contro la droga e il crimine (UNODC), Yury Fedotov, dell&#8217;Agenzia per l&#8217;energia atomica (AIEA), Yukiya Amano, dell&#8217;Organizzazione per il bando dei test nucleari (CTBTO), Lassina Zerbo e dell&#8217;Organizzazione per lo sviluppo industriale (UNIDO), Li Yong, Valensise ha discusso programmi e iniziative che vedono il nostro Paese in prima linea nell&#8217;affrontare anche in ambito multilaterale sfide importanti per la sicurezza e lo sviluppo.<\/p>\n<p>Valensise ha auspicato il rafforzamento della Convenzione di Palermo contro il crimine organizzato, voluta dal giudice Falcone, e ha confermato l&#8217;appoggio dell&#8217;Italia all&#8217;UNODC. Con un rilevante contributo italiano l&#8217;Ufficio si \u00e8 distinto nella collaborazione internazionale contro il traffico dei migranti e le organizzazioni criminali. La non-proliferazione \u00e8 stata esaminata con Amano, per il quale l&#8217;attuazione dell&#8217;accordo con l&#8217;Iran sar\u00e0 un impegno di lungo periodo: l&#8217;AIEA avr\u00e0 un ruolo centrale nelle attivit\u00e0 di verifica. Il recente esperimento nucleare nordcoreano ha messo in luce la necessit\u00e0 di una rapida entrata in vigore del Trattato contro gli esperimenti nucleari. L&#8217;Italia \u00e8 impegnata per quell&#8217;obiettivo, prioritario nell&#8217;agenda di non-proliferazione e di disarmo. Sul versante della diplomazia economica, Valensise ha valutato con Li Yong il ruolo dell&#8217;Italia tra i principali contributori dell&#8217;UNIDO. I suoi programmi sono un utile volano per la crescita economica di paesi strategici e un&#8217;opportunit\u00e0 per le imprese italiane.<\/p>\n<p>Con il Segretario Generale dell\u2019OSCE Zannier sono stati messi a fuoco i principali aspetti della crisi ucraina.<\/p>\n<p>Il Segretario Generale ha avuto anche un incontro con funzionari italiani delle agenzie dell&#8217;Onu, tra i quali la direttrice dell&#8217;Ufficio sullo spazio extra-atmosferico Simonetta Di Pippo, e ha espresso apprezzamento per l&#8217;opera da essi svolta in settori primari della cooperazione internazionale.<\/p>\n<p>L\u2019Ambasciatore Valensise ha poi incontrato il Segretario Generale del Ministero degli Esteri austriaco, Michael Linnart, nell&#8217;ambito della stretta consultazione in atto tra i due Paesi. Valensise ha infine incontrato i rappresentanti di imprese italiane operanti in Austria.<\/p>\n","protected":false},"excerpt":{"rendered":"La cooperazione dell&#8217;Italia con le agenzie delle Nazioni Unite con sede a Vienna, con l\u2019OSCE e il dialogo con l\u2019Austria sono stati al centro degli incontri del Segretario Generale della Farnesina Michele Valensise nella capitale austriaca. Con i direttori dell&#8217;Ufficio delle Nazioni Unite contro la droga e il crimine (UNODC), Yury Fedotov, dell&#8217;Agenzia per l&#8217;energia [&hellip;]","protected":false},"author":1,"featured_media":0,"comment_status":"","ping_status":"","sticky":false,"template":"","format":"standard","meta":{"footnotes":""},"categories":[2],"tags":[3,43,44,9],"class_list":["post-54099","post","type-post","status-publish","format-standard","hentry","category-approfondimenti","tag-diplomazia-economica","tag-diritti-umani","tag-energia-ambiente","tag-europa"],"_links":{"self":[{"href":"https:\/\/www.esteri.it\/it\/wp-json\/wp\/v2\/posts\/54099","targetHints":{"allow":["GET"]}}],"collection":[{"href":"https:\/\/www.esteri.it\/it\/wp-json\/wp\/v2\/posts"}],"about":[{"href":"https:\/\/www.esteri.it\/it\/wp-json\/wp\/v2\/types\/post"}],"author":[{"embeddable":true,"href":"https:\/\/www.esteri.it\/it\/wp-json\/wp\/v2\/users\/1"}],"replies":[{"embeddable":true,"href":"https:\/\/www.esteri.it\/it\/wp-json\/wp\/v2\/comments?post=54099"}],"version-history":[{"count":0,"href":"https:\/\/www.esteri.it\/it\/wp-json\/wp\/v2\/posts\/54099\/revisions"}],"wp:attachment":[{"href":"https:\/\/www.esteri.it\/it\/wp-json\/wp\/v2\/media?parent=54099"}],"wp:term":[{"taxonomy":"category","embeddable":true,"href":"https:\/\/www.esteri.it\/it\/wp-json\/wp\/v2\/categories?post=54099"},{"taxonomy":"post_tag","embeddable":true,"href":"https:\/\/www.esteri.it\/it\/wp-json\/wp\/v2\/tags?post=54099"}],"curies":[{"name":"wp","href":"https:\/\/api.w.org\/{rel}","templated":true}]}}