{"id":5429,"date":"2015-11-11T17:50:39","date_gmt":"2015-11-11T16:50:39","guid":{"rendered":"https:\/\/www.esteri.it\/sala_stampa\/archivionotizie\/comunicati\/2015\/11\/balcani-dalla-cooperazione-italiana\/"},"modified":"2015-11-11T17:50:39","modified_gmt":"2015-11-11T16:50:39","slug":"balcani-dalla-cooperazione-italiana","status":"publish","type":"post","link":"https:\/\/www.esteri.it\/it\/sala_stampa\/archivionotizie\/comunicati\/2015\/11\/balcani-dalla-cooperazione-italiana\/","title":{"rendered":"Balcani: Dalla Cooperazione italiana 250 mila euro per l\u2019assistenza ai migranti nell\u2019ex Repubblica Jugoslava di Macedonia"},"content":{"rendered":"<p>La Cooperazione italiana ha deciso di stanziare un ulteriore contributo multilaterale di emergenza del valore di 250 mila euro per sostenere gli sforzi dell\u2019Ex Repubblica Jugoslava di Macedonia nel far fronte all\u2019emergenza determinata dall&#8217;imponente afflusso di profughi provenienti dal Medio Oriente lungo la \u201crotta balcanica\u201d.\u00a0 Il nuovo contributo italiano mira a sostenere le attivit\u00e0 previste nell&#8217;ambito del piano di interventi straordinario lanciato dall\u2019Alto Commissariato Onu per i Rifugiati (Unhcr) per dare risposta alla crisi migratoria in Europa e nei Balcani.<\/p>\n<p>Il contributo italiano si aggiunge ai 200.000 Euro gi\u00e0 stanziati in precedenza per l&#8217;emergenza nei Balcani e servir\u00e0 a finanziare le attivit\u00e0 di preparazione all&#8217;inverno al fine di potenziare le attuali strutture di accoglienza e transito dei migranti nel Paese, sotto particolare pressione per l&#8217;ingente afflusso giornaliero di migranti.<\/p>\n","protected":false},"excerpt":{"rendered":"La Cooperazione italiana ha deciso di stanziare un ulteriore contributo multilaterale di emergenza del valore di 250 mila euro per sostenere gli sforzi dell\u2019Ex Repubblica Jugoslava di Macedonia nel far fronte all\u2019emergenza determinata dall&#8217;imponente afflusso di profughi provenienti dal Medio Oriente lungo la \u201crotta balcanica\u201d.\u00a0 Il nuovo contributo italiano mira a sostenere le attivit\u00e0 previste [&hellip;]","protected":false},"author":1,"featured_media":0,"comment_status":"","ping_status":"","sticky":false,"template":"","format":"standard","meta":{"footnotes":""},"categories":[1],"tags":[29,9],"class_list":["post-5429","post","type-post","status-publish","format-standard","hentry","category-comunicati","tag-cooperazione-sviluppo","tag-europa"],"_links":{"self":[{"href":"https:\/\/www.esteri.it\/it\/wp-json\/wp\/v2\/posts\/5429","targetHints":{"allow":["GET"]}}],"collection":[{"href":"https:\/\/www.esteri.it\/it\/wp-json\/wp\/v2\/posts"}],"about":[{"href":"https:\/\/www.esteri.it\/it\/wp-json\/wp\/v2\/types\/post"}],"author":[{"embeddable":true,"href":"https:\/\/www.esteri.it\/it\/wp-json\/wp\/v2\/users\/1"}],"replies":[{"embeddable":true,"href":"https:\/\/www.esteri.it\/it\/wp-json\/wp\/v2\/comments?post=5429"}],"version-history":[{"count":0,"href":"https:\/\/www.esteri.it\/it\/wp-json\/wp\/v2\/posts\/5429\/revisions"}],"wp:attachment":[{"href":"https:\/\/www.esteri.it\/it\/wp-json\/wp\/v2\/media?parent=5429"}],"wp:term":[{"taxonomy":"category","embeddable":true,"href":"https:\/\/www.esteri.it\/it\/wp-json\/wp\/v2\/categories?post=5429"},{"taxonomy":"post_tag","embeddable":true,"href":"https:\/\/www.esteri.it\/it\/wp-json\/wp\/v2\/tags?post=5429"}],"curies":[{"name":"wp","href":"https:\/\/api.w.org\/{rel}","templated":true}]}}